{"id":104040,"date":"2024-12-09T09:25:29","date_gmt":"2024-12-09T08:25:29","guid":{"rendered":"https:\/\/www.tressis.com\/?p=104040"},"modified":"2024-12-09T13:08:25","modified_gmt":"2024-12-09T12:08:25","slug":"apple-amazon-meta-maximos-historicos","status":"publish","type":"post","link":"https:\/\/www.tressis.com\/ca\/blog\/apple-amazon-meta-maximos-historicos\/","title":{"rendered":"Apple, Amazon y Meta cotizan en m\u00e1ximos hist\u00f3ricos"},"content":{"rendered":"<p>La semana pasada qued\u00f3 demostrado que el mercado cada d\u00eda se ve menos afectado por las tensiones geopol\u00edticas. Le da igual que caiga el primer ministro de Francia, que se decrete brevemente la ley marcial en Corea del Sur, que se produzca un terremoto de magnitud siete en California o que se intensifique la <a href=\"https:\/\/es.euronews.com\/2024\/12\/08\/quienes-son-los-rebeldes-de-la-oposicion-siria-que-han-derrocado-al-gobierno-de-al-assad\" target=\"_blank\" rel=\"noopener\">guerra civil en Siria<\/a> y Bashar al-\u00c1sad huya del pa\u00eds que ha gobernado durante las dos \u00faltimas d\u00e9cadas.<\/p>\n<p>&nbsp;<\/p>\n<p><center><a href=\"https:\/\/www.tressis.com\/tressis-vision\/?utm_source=web_publica&amp;utm_medium=direct&amp;utm_campaign=descarga_paper&amp;utm_term=tressisvision&amp;utm_content=blog_MMV\" target=\"_blank\" rel=\"noopener\"><img fetchpriority=\"high\" decoding=\"async\" class=\"aligncenter wp-image-67199 size-full\" src=\"https:\/\/www.tressis.com\/wp-content\/uploads\/2023\/03\/CTA-Tressis-vision-para-articulos-blog.jpg\" alt=\"Informe mensual - Tressis visi\u00f3n\" width=\"800\" height=\"354\" srcset=\"https:\/\/www.tressis.com\/wp-content\/uploads\/2023\/03\/CTA-Tressis-vision-para-articulos-blog.jpg 800w, https:\/\/www.tressis.com\/wp-content\/uploads\/2023\/03\/CTA-Tressis-vision-para-articulos-blog-300x133.jpg 300w, https:\/\/www.tressis.com\/wp-content\/uploads\/2023\/03\/CTA-Tressis-vision-para-articulos-blog-768x340.jpg 768w\" sizes=\"(max-width: 800px) 100vw, 800px\" \/><\/a><\/center>&nbsp;<\/p>\n<h2><strong>Expectativas de que la Fed reduzca tipos la pr\u00f3xima semana<\/strong><\/h2>\n<p>Viernes de subidas en los \u00edndices americanos m\u00e1s sesgados a crecimiento, del CAC franc\u00e9s o del DAX alem\u00e1n. Mientras que los \u00edndices m\u00e1s c\u00edclicos como el Ibex, el FTSE brit\u00e1nico o el Dow Jones americano se ve\u00edan arrastrados por las ca\u00eddas de las empresas energ\u00e9ticas y de servicios p\u00fablicos. Los principales \u00edndices como el Nasdaq y el Standard &amp; Poor&#8217;s 500 registraron nuevos m\u00e1ximos durante la semana. La confianza de los inversores se mantuvo optimista en general, impulsada por los beneficios empresariales y las expectativas de que la Reserva Federal reduzca tipos la semana que viene.<\/p>\n<p>&nbsp;<\/p>\n<h2><strong>Apple, Amazon y Meta cotizan en m\u00e1ximos hist\u00f3ricos<\/strong><\/h2>\n<p>Las acciones tecnol\u00f3gicas dominaron la semana impulsando el impresionante rendimiento del Nasdaq. Apple, Amazon y Meta cotizan cerca o en m\u00e1ximos hist\u00f3ricos, mientras que Nvidia y Tesla mantuvieron su impulso alcista. A todo ello han ayudado las \u00faltimas cuentas de Salesforce, con una subida de m\u00e1s del 9% en la semana, gracias a un informe trimestral que subray\u00f3 la creciente demanda de soluciones empresariales impulsadas por IA. Este crecimiento de la tecnolog\u00eda no fue solo una tendencia del mercado, sino que simboliz\u00f3 el s\u00f3lido poder adquisitivo de los clientes y el optimismo en torno a la innovaci\u00f3n.<\/p>\n<p>&nbsp;<\/p>\n<p>Y eso a pesar de que la semana pasada volvimos a tener nuevas muestras de las tensiones comerciales entre EE.UU. y China. El gigante asi\u00e1tico anunci\u00f3 la prohibici\u00f3n de exportaciones a EE.UU. de tierras raras utilizadas en la fabricaci\u00f3n de chips semiconductores avanzados, despu\u00e9s de que el Departamento de Comercio de EE.UU. impusiera nuevas restricciones a China, en relaci\u00f3n con la venta de chips de memoria de alto ancho de banda, fabricados por empresas estadounidenses y extranjeras.<\/p>\n<p>&nbsp;<\/p>\n<h2><strong>Se calman los temores de recesi\u00f3n<\/strong><\/h2>\n<p>Como buen primer viernes de mes, los datos de empleo de EE.UU. ocuparon un lugar central. Las n\u00f3minas no agr\u00edcolas de Estados Unidos aumentaron en 227.000 en noviembre, una mejora desde las 36.000 revisadas al alza en octubre, cuando una serie de huracanes y huelgas interrumpieron la contrataci\u00f3n. Las n\u00f3minas de los dos meses anteriores se revisaron al alza en 56.000. La tasa de desempleo subi\u00f3 al 4,2% desde el 4,1%, mientras que los ingresos medios por hora aumentaron un 4%, un 0,1% m\u00e1s de lo esperado, en comparaci\u00f3n con hace un a\u00f1o. Sin embargo, los mercados se centraron en la ca\u00edda de 355.000 puestos de trabajo, seg\u00fan la encuesta de hogares de la Oficina de Estad\u00edsticas Laborales.<\/p>\n<p>&nbsp;<\/p>\n<p>Los datos fueron suficientemente buenos como para calmar los temores de recesi\u00f3n, pero no como para temer un cambio de actuaci\u00f3n de la Reserva Federal. Despu\u00e9s de los datos, junto con los comentarios de la \u00faltima semana de varios miembros de la Fed, los mercados de futuros muestran un aumento de las probabilidades de un recorte de tipos la semana que viene de alrededor del 85%.<\/p>\n<p>&nbsp;<\/p>\n<p>Probabilidad de bajada de tipos para la reuni\u00f3n del 18 de noviembre.<\/p>\n<p>&nbsp;<\/p>\n<p><img decoding=\"async\" class=\"aligncenter size-full wp-image-104041\" src=\"https:\/\/www.tressis.com\/wp-content\/uploads\/2024\/12\/probabilidad-bajas-tipos.webp\" alt=\"Probabilidad bajadas tipos de inter\u00e9s\" width=\"850\" height=\"438\" srcset=\"https:\/\/www.tressis.com\/wp-content\/uploads\/2024\/12\/probabilidad-bajas-tipos.webp 850w, https:\/\/www.tressis.com\/wp-content\/uploads\/2024\/12\/probabilidad-bajas-tipos-300x155.webp 300w, https:\/\/www.tressis.com\/wp-content\/uploads\/2024\/12\/probabilidad-bajas-tipos-768x396.webp 768w\" sizes=\"(max-width: 850px) 100vw, 850px\" \/><\/p>\n<p>&nbsp;<\/p>\n<p class=\"smallPie\">Fuente: CME 8 de diciembre de 2024<\/p>\n<p>&nbsp;<\/p>\n<h2><strong>Es probable que este jueves veamos recortes por parte del BCE<\/strong><\/h2>\n<p>La pol\u00edtica monetaria de la Fed sigue centrando la atenci\u00f3n del mercado. Con el presidente Jerome Powell describiendo la econom\u00eda como en &#8220;notablemente buena forma&#8221;, los mercados interpretaron su tono como un optimismo cauteloso. Sin embargo, la OCDE advirti\u00f3 esta semana a los bancos centrales contra los recortes r\u00e1pidos del precio del dinero, citando la persistente inflaci\u00f3n. Pero sabiendo que la econom\u00eda alemana crecer\u00e1 solo un 0,1% el pr\u00f3ximo a\u00f1o, tras dos a\u00f1os consecutivos de contracci\u00f3n, seg\u00fan las previsiones del instituto econ\u00f3mico alem\u00e1n IW, parece claro que al menos en Europa, este jueves veremos recortes por parte del BCE.<\/p>\n<p>&nbsp;<\/p>\n<p>En este contexto, la deuda p\u00fablica cerr\u00f3 la semana con nuevos avances. Principalmente gracias a que los bonos del Tesoro de EE.UU. registraron rendimientos positivos y el diez a\u00f1os cotiza en 4,15%. Por su parte, el alem\u00e1n cotiza en 2,1% y ya encuentra la mayor parte de su curva por debajo del 2%. Pero la noticia es que la deuda de Suiza vuelve a coquetear con las rentabilidades negativas.<\/p>\n<p>&nbsp;<\/p>\n<p>Curva de rendimientos bonos Suiza.<\/p>\n<p>&nbsp;<\/p>\n<p><img decoding=\"async\" class=\"aligncenter size-full wp-image-104042\" src=\"https:\/\/www.tressis.com\/wp-content\/uploads\/2024\/12\/rendimiento-bonos-suiza.webp\" alt=\"Rendimiento de los bonos en Suiza\" width=\"850\" height=\"214\" srcset=\"https:\/\/www.tressis.com\/wp-content\/uploads\/2024\/12\/rendimiento-bonos-suiza.webp 850w, https:\/\/www.tressis.com\/wp-content\/uploads\/2024\/12\/rendimiento-bonos-suiza-300x76.webp 300w, https:\/\/www.tressis.com\/wp-content\/uploads\/2024\/12\/rendimiento-bonos-suiza-768x193.webp 768w\" sizes=\"(max-width: 850px) 100vw, 850px\" \/><\/p>\n<p>&nbsp;<\/p>\n<p class=\"smallPie\">Fuente: Bloomberg 6 de diciembre de 2024<\/p>\n<p>&nbsp;<\/p>\n<p>Durante esta semana estaremos atentos a c\u00f3mo reaccionan los mercados, principalmente de materias primas, a la ca\u00edda del Gobierno sirio, uno de los hist\u00f3ricos aliados de Rusia e Ir\u00e1n. Adem\u00e1s, los inversores estar\u00e1n atentos a la Conferencia Central de Trabajo de China, donde los funcionarios discutir\u00e1n los objetivos econ\u00f3micos y las medidas de est\u00edmulo que podr\u00edan poner en marcha durante el a\u00f1o que viene. A nivel econ\u00f3mico, el martes conoceremos los costes laborales unitarios de EE.UU. y la productividad no agr\u00edcola.<\/p>\n<p>&nbsp;<\/p>\n<p>El mi\u00e9rcoles, el mercado estar\u00e1 pendiente del IPC de EE.UU. y la decisi\u00f3n del Banco de Canad\u00e1 (el mercado se divide entre un recorte del 0,25% y un 0,5%). El jueves ser\u00e1 el BCE el que seguramente reduzca los tipos y adem\u00e1s conoceremos el IPP de EE.UU. Mientras que el viernes ser\u00e1 el turno de la producci\u00f3n industrial de Jap\u00f3n, Reino Unido y eurozona, junto con el IPC espa\u00f1ol y franc\u00e9s. Porque hoy, las principales noticias econ\u00f3micas han sido el PIB de Jap\u00f3n, as\u00ed como el IPC y la producci\u00f3n industrial de noviembre de China. En el terreno empresarial, Inditex presenta cuentas el mi\u00e9rcoles, mismo d\u00eda que Macy\u2019s y Oracle.<\/p>\n<p>&nbsp;<\/p>\n<p>Buena semana.<\/p>\n<p>&nbsp;<\/p>\n<p><center><strong>Jorge Gonz\u00e1lez G\u00f3mez<\/strong><br \/>\nDirector de An\u00e1lisis<\/center><\/p>\n","protected":false},"excerpt":{"rendered":"<p>La semana pasada qued\u00f3 demostrado que el mercado cada d\u00eda se ve menos afectado por las tensiones geopol\u00edticas. Le da igual que caiga el primer ministro de Francia, que se decrete brevemente la ley marcial en Corea del Sur, que se produzca un terremoto de magnitud siete en California o que se intensifique la guerra [&hellip;]<\/p>\n","protected":false},"author":4,"featured_media":104043,"comment_status":"closed","ping_status":"open","sticky":false,"template":"","format":"standard","meta":{"_acf_changed":false,"footnotes":""},"categories":[9721],"tags":[],"class_list":["post-104040","post","type-post","status-publish","format-standard","has-post-thumbnail","hentry","category-morning-meeting"],"acf":[],"yoast_head":"<!-- This site is optimized with the Yoast SEO plugin v27.5 - https:\/\/yoast.com\/product\/yoast-seo-wordpress\/ -->\n<title>Apple, Amazon y Meta cotizan en m\u00e1ximos hist\u00f3ricos<\/title>\n<meta name=\"description\" content=\"Este crecimiento de la tecnolog\u00eda no fue solo una tendencia del mercado, sino que simboliz\u00f3 el s\u00f3lido poder adquisitivo de los clientes.\" \/>\n<meta name=\"robots\" content=\"index, follow, max-snippet:-1, max-image-preview:large, max-video-preview:-1\" \/>\n<link rel=\"canonical\" href=\"https:\/\/www.tressis.com\/ca\/blog\/apple-amazon-meta-maximos-historicos\/\" \/>\n<meta property=\"og:locale\" content=\"ca_ES\" \/>\n<meta property=\"og:type\" content=\"article\" \/>\n<meta property=\"og:title\" content=\"Apple, Amazon y Meta cotizan en m\u00e1ximos hist\u00f3ricos\" \/>\n<meta property=\"og:description\" content=\"Este crecimiento de la tecnolog\u00eda no fue solo una tendencia del mercado, sino que simboliz\u00f3 el s\u00f3lido poder adquisitivo de los clientes.\" \/>\n<meta property=\"og:url\" content=\"https:\/\/www.tressis.com\/ca\/blog\/apple-amazon-meta-maximos-historicos\/\" \/>\n<meta property=\"og:site_name\" content=\"Tressis\" \/>\n<meta property=\"article:publisher\" content=\"https:\/\/www.facebook.com\/Tressis\/\" \/>\n<meta property=\"article:published_time\" content=\"2024-12-09T08:25:29+00:00\" \/>\n<meta property=\"article:modified_time\" content=\"2024-12-09T12:08:25+00:00\" \/>\n<meta property=\"og:image\" content=\"https:\/\/www.tressis.com\/wp-content\/uploads\/2024\/12\/empresas-tecnologicas.webp\" \/>\n\t<meta property=\"og:image:width\" content=\"1200\" \/>\n\t<meta property=\"og:image:height\" content=\"531\" \/>\n\t<meta property=\"og:image:type\" content=\"image\/webp\" \/>\n<meta name=\"author\" content=\"Lola\" \/>\n<meta name=\"twitter:card\" content=\"summary_large_image\" \/>\n<meta name=\"twitter:creator\" content=\"@TressisSV\" \/>\n<meta name=\"twitter:site\" content=\"@TressisSV\" \/>\n<meta name=\"twitter:label1\" content=\"Escrit per\" \/>\n\t<meta name=\"twitter:data1\" content=\"Lola\" \/>\n\t<meta name=\"twitter:label2\" content=\"Temps estimat de lectura\" \/>\n\t<meta name=\"twitter:data2\" content=\"5 minuts\" \/>\n<script type=\"application\/ld+json\" class=\"yoast-schema-graph\">{\"@context\":\"https:\\\/\\\/schema.org\",\"@graph\":[{\"@type\":\"Article\",\"@id\":\"https:\\\/\\\/www.tressis.com\\\/ca\\\/blog\\\/apple-amazon-meta-maximos-historicos\\\/#article\",\"isPartOf\":{\"@id\":\"https:\\\/\\\/www.tressis.com\\\/ca\\\/blog\\\/apple-amazon-meta-maximos-historicos\\\/\"},\"author\":{\"name\":\"Lola\",\"@id\":\"https:\\\/\\\/www.tressis.com\\\/ca\\\/#\\\/schema\\\/person\\\/b833c1d724d8764920b6d6852c70584e\"},\"headline\":\"Apple, Amazon y Meta cotizan en m\u00e1ximos hist\u00f3ricos\",\"datePublished\":\"2024-12-09T08:25:29+00:00\",\"dateModified\":\"2024-12-09T12:08:25+00:00\",\"mainEntityOfPage\":{\"@id\":\"https:\\\/\\\/www.tressis.com\\\/ca\\\/blog\\\/apple-amazon-meta-maximos-historicos\\\/\"},\"wordCount\":1065,\"publisher\":{\"@id\":\"https:\\\/\\\/www.tressis.com\\\/ca\\\/#organization\"},\"image\":{\"@id\":\"https:\\\/\\\/www.tressis.com\\\/ca\\\/blog\\\/apple-amazon-meta-maximos-historicos\\\/#primaryimage\"},\"thumbnailUrl\":\"https:\\\/\\\/www.tressis.com\\\/wp-content\\\/uploads\\\/2024\\\/12\\\/empresas-tecnologicas.webp\",\"articleSection\":[\"Morning meeting\"],\"inLanguage\":\"ca\"},{\"@type\":\"WebPage\",\"@id\":\"https:\\\/\\\/www.tressis.com\\\/ca\\\/blog\\\/apple-amazon-meta-maximos-historicos\\\/\",\"url\":\"https:\\\/\\\/www.tressis.com\\\/ca\\\/blog\\\/apple-amazon-meta-maximos-historicos\\\/\",\"name\":\"Apple, Amazon y Meta cotizan en m\u00e1ximos hist\u00f3ricos\",\"isPartOf\":{\"@id\":\"https:\\\/\\\/www.tressis.com\\\/ca\\\/#website\"},\"primaryImageOfPage\":{\"@id\":\"https:\\\/\\\/www.tressis.com\\\/ca\\\/blog\\\/apple-amazon-meta-maximos-historicos\\\/#primaryimage\"},\"image\":{\"@id\":\"https:\\\/\\\/www.tressis.com\\\/ca\\\/blog\\\/apple-amazon-meta-maximos-historicos\\\/#primaryimage\"},\"thumbnailUrl\":\"https:\\\/\\\/www.tressis.com\\\/wp-content\\\/uploads\\\/2024\\\/12\\\/empresas-tecnologicas.webp\",\"datePublished\":\"2024-12-09T08:25:29+00:00\",\"dateModified\":\"2024-12-09T12:08:25+00:00\",\"description\":\"Este crecimiento de la tecnolog\u00eda no fue solo una tendencia del mercado, sino que simboliz\u00f3 el s\u00f3lido poder adquisitivo de los clientes.\",\"breadcrumb\":{\"@id\":\"https:\\\/\\\/www.tressis.com\\\/ca\\\/blog\\\/apple-amazon-meta-maximos-historicos\\\/#breadcrumb\"},\"inLanguage\":\"ca\",\"potentialAction\":[{\"@type\":\"ReadAction\",\"target\":[\"https:\\\/\\\/www.tressis.com\\\/ca\\\/blog\\\/apple-amazon-meta-maximos-historicos\\\/\"]}]},{\"@type\":\"ImageObject\",\"inLanguage\":\"ca\",\"@id\":\"https:\\\/\\\/www.tressis.com\\\/ca\\\/blog\\\/apple-amazon-meta-maximos-historicos\\\/#primaryimage\",\"url\":\"https:\\\/\\\/www.tressis.com\\\/wp-content\\\/uploads\\\/2024\\\/12\\\/empresas-tecnologicas.webp\",\"contentUrl\":\"https:\\\/\\\/www.tressis.com\\\/wp-content\\\/uploads\\\/2024\\\/12\\\/empresas-tecnologicas.webp\",\"width\":1200,\"height\":531},{\"@type\":\"BreadcrumbList\",\"@id\":\"https:\\\/\\\/www.tressis.com\\\/ca\\\/blog\\\/apple-amazon-meta-maximos-historicos\\\/#breadcrumb\",\"itemListElement\":[{\"@type\":\"ListItem\",\"position\":1,\"name\":\"Inicio\",\"item\":\"https:\\\/\\\/www.tressis.com\\\/ca\\\/\"},{\"@type\":\"ListItem\",\"position\":2,\"name\":\"Morning meeting\",\"item\":\"https:\\\/\\\/www.tressis.com\\\/ca\\\/blog\\\/categorias\\\/morning-meeting-ca\\\/\"},{\"@type\":\"ListItem\",\"position\":3,\"name\":\"Apple, Amazon y Meta cotizan en m\u00e1ximos hist\u00f3ricos\"}]},{\"@type\":\"WebSite\",\"@id\":\"https:\\\/\\\/www.tressis.com\\\/ca\\\/#website\",\"url\":\"https:\\\/\\\/www.tressis.com\\\/ca\\\/\",\"name\":\"Tressis banca privada\",\"description\":\"Tressis | Planificaci\u00f3n financiera y gesti\u00f3n de patrimonios\",\"publisher\":{\"@id\":\"https:\\\/\\\/www.tressis.com\\\/ca\\\/#organization\"},\"potentialAction\":[{\"@type\":\"SearchAction\",\"target\":{\"@type\":\"EntryPoint\",\"urlTemplate\":\"https:\\\/\\\/www.tressis.com\\\/ca\\\/?s={search_term_string}\"},\"query-input\":{\"@type\":\"PropertyValueSpecification\",\"valueRequired\":true,\"valueName\":\"search_term_string\"}}],\"inLanguage\":\"ca\"},{\"@type\":\"Organization\",\"@id\":\"https:\\\/\\\/www.tressis.com\\\/ca\\\/#organization\",\"name\":\"Tressis\",\"url\":\"https:\\\/\\\/www.tressis.com\\\/ca\\\/\",\"logo\":{\"@type\":\"ImageObject\",\"inLanguage\":\"ca\",\"@id\":\"https:\\\/\\\/www.tressis.com\\\/ca\\\/#\\\/schema\\\/logo\\\/image\\\/\",\"url\":\"https:\\\/\\\/www.tressis.com\\\/wp-content\\\/uploads\\\/2025\\\/06\\\/logo-tressis-112.png\",\"contentUrl\":\"https:\\\/\\\/www.tressis.com\\\/wp-content\\\/uploads\\\/2025\\\/06\\\/logo-tressis-112.png\",\"width\":112,\"height\":112,\"caption\":\"Tressis\"},\"image\":{\"@id\":\"https:\\\/\\\/www.tressis.com\\\/ca\\\/#\\\/schema\\\/logo\\\/image\\\/\"},\"sameAs\":[\"https:\\\/\\\/www.facebook.com\\\/Tressis\\\/\",\"https:\\\/\\\/x.com\\\/TressisSV\",\"https:\\\/\\\/www.instagram.com\\\/tressissv\\\/?hl=es\",\"https:\\\/\\\/linkedin.com\\\/company\\\/tressis\\\/\",\"https:\\\/\\\/www.youtube.com\\\/user\\\/tressissv\",\"https:\\\/\\\/open.spotify.com\\\/show\\\/3jmTe1Nf0wqMILl7diWV6h?si=d7112519f13c4593&nd=1\"]},{\"@type\":\"Person\",\"@id\":\"https:\\\/\\\/www.tressis.com\\\/ca\\\/#\\\/schema\\\/person\\\/b833c1d724d8764920b6d6852c70584e\",\"name\":\"Lola\",\"image\":{\"@type\":\"ImageObject\",\"inLanguage\":\"ca\",\"@id\":\"https:\\\/\\\/secure.gravatar.com\\\/avatar\\\/05e646486b23ff45df9649110609c7e31b8c4a3e2821caa23d6317f405e0c51d?s=96&d=mm&r=g\",\"url\":\"https:\\\/\\\/secure.gravatar.com\\\/avatar\\\/05e646486b23ff45df9649110609c7e31b8c4a3e2821caa23d6317f405e0c51d?s=96&d=mm&r=g\",\"contentUrl\":\"https:\\\/\\\/secure.gravatar.com\\\/avatar\\\/05e646486b23ff45df9649110609c7e31b8c4a3e2821caa23d6317f405e0c51d?s=96&d=mm&r=g\",\"caption\":\"Lola\"}}]}<\/script>\n<!-- \/ Yoast SEO plugin. -->","yoast_head_json":{"title":"Apple, Amazon y Meta cotizan en m\u00e1ximos hist\u00f3ricos","description":"Este crecimiento de la tecnolog\u00eda no fue solo una tendencia del mercado, sino que simboliz\u00f3 el s\u00f3lido poder adquisitivo de los clientes.","robots":{"index":"index","follow":"follow","max-snippet":"max-snippet:-1","max-image-preview":"max-image-preview:large","max-video-preview":"max-video-preview:-1"},"canonical":"https:\/\/www.tressis.com\/ca\/blog\/apple-amazon-meta-maximos-historicos\/","og_locale":"ca_ES","og_type":"article","og_title":"Apple, Amazon y Meta cotizan en m\u00e1ximos hist\u00f3ricos","og_description":"Este crecimiento de la tecnolog\u00eda no fue solo una tendencia del mercado, sino que simboliz\u00f3 el s\u00f3lido poder adquisitivo de los clientes.","og_url":"https:\/\/www.tressis.com\/ca\/blog\/apple-amazon-meta-maximos-historicos\/","og_site_name":"Tressis","article_publisher":"https:\/\/www.facebook.com\/Tressis\/","article_published_time":"2024-12-09T08:25:29+00:00","article_modified_time":"2024-12-09T12:08:25+00:00","og_image":[{"width":1200,"height":531,"url":"https:\/\/www.tressis.com\/wp-content\/uploads\/2024\/12\/empresas-tecnologicas.webp","type":"image\/webp"}],"author":"Lola","twitter_card":"summary_large_image","twitter_creator":"@TressisSV","twitter_site":"@TressisSV","twitter_misc":{"Escrit per":"Lola","Temps estimat de lectura":"5 minuts"},"schema":{"@context":"https:\/\/schema.org","@graph":[{"@type":"Article","@id":"https:\/\/www.tressis.com\/ca\/blog\/apple-amazon-meta-maximos-historicos\/#article","isPartOf":{"@id":"https:\/\/www.tressis.com\/ca\/blog\/apple-amazon-meta-maximos-historicos\/"},"author":{"name":"Lola","@id":"https:\/\/www.tressis.com\/ca\/#\/schema\/person\/b833c1d724d8764920b6d6852c70584e"},"headline":"Apple, Amazon y Meta cotizan en m\u00e1ximos hist\u00f3ricos","datePublished":"2024-12-09T08:25:29+00:00","dateModified":"2024-12-09T12:08:25+00:00","mainEntityOfPage":{"@id":"https:\/\/www.tressis.com\/ca\/blog\/apple-amazon-meta-maximos-historicos\/"},"wordCount":1065,"publisher":{"@id":"https:\/\/www.tressis.com\/ca\/#organization"},"image":{"@id":"https:\/\/www.tressis.com\/ca\/blog\/apple-amazon-meta-maximos-historicos\/#primaryimage"},"thumbnailUrl":"https:\/\/www.tressis.com\/wp-content\/uploads\/2024\/12\/empresas-tecnologicas.webp","articleSection":["Morning meeting"],"inLanguage":"ca"},{"@type":"WebPage","@id":"https:\/\/www.tressis.com\/ca\/blog\/apple-amazon-meta-maximos-historicos\/","url":"https:\/\/www.tressis.com\/ca\/blog\/apple-amazon-meta-maximos-historicos\/","name":"Apple, Amazon y Meta cotizan en m\u00e1ximos hist\u00f3ricos","isPartOf":{"@id":"https:\/\/www.tressis.com\/ca\/#website"},"primaryImageOfPage":{"@id":"https:\/\/www.tressis.com\/ca\/blog\/apple-amazon-meta-maximos-historicos\/#primaryimage"},"image":{"@id":"https:\/\/www.tressis.com\/ca\/blog\/apple-amazon-meta-maximos-historicos\/#primaryimage"},"thumbnailUrl":"https:\/\/www.tressis.com\/wp-content\/uploads\/2024\/12\/empresas-tecnologicas.webp","datePublished":"2024-12-09T08:25:29+00:00","dateModified":"2024-12-09T12:08:25+00:00","description":"Este crecimiento de la tecnolog\u00eda no fue solo una tendencia del mercado, sino que simboliz\u00f3 el s\u00f3lido poder adquisitivo de los clientes.","breadcrumb":{"@id":"https:\/\/www.tressis.com\/ca\/blog\/apple-amazon-meta-maximos-historicos\/#breadcrumb"},"inLanguage":"ca","potentialAction":[{"@type":"ReadAction","target":["https:\/\/www.tressis.com\/ca\/blog\/apple-amazon-meta-maximos-historicos\/"]}]},{"@type":"ImageObject","inLanguage":"ca","@id":"https:\/\/www.tressis.com\/ca\/blog\/apple-amazon-meta-maximos-historicos\/#primaryimage","url":"https:\/\/www.tressis.com\/wp-content\/uploads\/2024\/12\/empresas-tecnologicas.webp","contentUrl":"https:\/\/www.tressis.com\/wp-content\/uploads\/2024\/12\/empresas-tecnologicas.webp","width":1200,"height":531},{"@type":"BreadcrumbList","@id":"https:\/\/www.tressis.com\/ca\/blog\/apple-amazon-meta-maximos-historicos\/#breadcrumb","itemListElement":[{"@type":"ListItem","position":1,"name":"Inicio","item":"https:\/\/www.tressis.com\/ca\/"},{"@type":"ListItem","position":2,"name":"Morning meeting","item":"https:\/\/www.tressis.com\/ca\/blog\/categorias\/morning-meeting-ca\/"},{"@type":"ListItem","position":3,"name":"Apple, Amazon y Meta cotizan en m\u00e1ximos hist\u00f3ricos"}]},{"@type":"WebSite","@id":"https:\/\/www.tressis.com\/ca\/#website","url":"https:\/\/www.tressis.com\/ca\/","name":"Tressis banca privada","description":"Tressis | Planificaci\u00f3n financiera y gesti\u00f3n de patrimonios","publisher":{"@id":"https:\/\/www.tressis.com\/ca\/#organization"},"potentialAction":[{"@type":"SearchAction","target":{"@type":"EntryPoint","urlTemplate":"https:\/\/www.tressis.com\/ca\/?s={search_term_string}"},"query-input":{"@type":"PropertyValueSpecification","valueRequired":true,"valueName":"search_term_string"}}],"inLanguage":"ca"},{"@type":"Organization","@id":"https:\/\/www.tressis.com\/ca\/#organization","name":"Tressis","url":"https:\/\/www.tressis.com\/ca\/","logo":{"@type":"ImageObject","inLanguage":"ca","@id":"https:\/\/www.tressis.com\/ca\/#\/schema\/logo\/image\/","url":"https:\/\/www.tressis.com\/wp-content\/uploads\/2025\/06\/logo-tressis-112.png","contentUrl":"https:\/\/www.tressis.com\/wp-content\/uploads\/2025\/06\/logo-tressis-112.png","width":112,"height":112,"caption":"Tressis"},"image":{"@id":"https:\/\/www.tressis.com\/ca\/#\/schema\/logo\/image\/"},"sameAs":["https:\/\/www.facebook.com\/Tressis\/","https:\/\/x.com\/TressisSV","https:\/\/www.instagram.com\/tressissv\/?hl=es","https:\/\/linkedin.com\/company\/tressis\/","https:\/\/www.youtube.com\/user\/tressissv","https:\/\/open.spotify.com\/show\/3jmTe1Nf0wqMILl7diWV6h?si=d7112519f13c4593&nd=1"]},{"@type":"Person","@id":"https:\/\/www.tressis.com\/ca\/#\/schema\/person\/b833c1d724d8764920b6d6852c70584e","name":"Lola","image":{"@type":"ImageObject","inLanguage":"ca","@id":"https:\/\/secure.gravatar.com\/avatar\/05e646486b23ff45df9649110609c7e31b8c4a3e2821caa23d6317f405e0c51d?s=96&d=mm&r=g","url":"https:\/\/secure.gravatar.com\/avatar\/05e646486b23ff45df9649110609c7e31b8c4a3e2821caa23d6317f405e0c51d?s=96&d=mm&r=g","contentUrl":"https:\/\/secure.gravatar.com\/avatar\/05e646486b23ff45df9649110609c7e31b8c4a3e2821caa23d6317f405e0c51d?s=96&d=mm&r=g","caption":"Lola"}}]}},"_links":{"self":[{"href":"https:\/\/www.tressis.com\/ca\/wp-json\/wp\/v2\/posts\/104040","targetHints":{"allow":["GET"]}}],"collection":[{"href":"https:\/\/www.tressis.com\/ca\/wp-json\/wp\/v2\/posts"}],"about":[{"href":"https:\/\/www.tressis.com\/ca\/wp-json\/wp\/v2\/types\/post"}],"author":[{"embeddable":true,"href":"https:\/\/www.tressis.com\/ca\/wp-json\/wp\/v2\/users\/4"}],"replies":[{"embeddable":true,"href":"https:\/\/www.tressis.com\/ca\/wp-json\/wp\/v2\/comments?post=104040"}],"version-history":[{"count":5,"href":"https:\/\/www.tressis.com\/ca\/wp-json\/wp\/v2\/posts\/104040\/revisions"}],"predecessor-version":[{"id":104048,"href":"https:\/\/www.tressis.com\/ca\/wp-json\/wp\/v2\/posts\/104040\/revisions\/104048"}],"wp:featuredmedia":[{"embeddable":true,"href":"https:\/\/www.tressis.com\/ca\/wp-json\/wp\/v2\/media\/104043"}],"wp:attachment":[{"href":"https:\/\/www.tressis.com\/ca\/wp-json\/wp\/v2\/media?parent=104040"}],"wp:term":[{"taxonomy":"category","embeddable":true,"href":"https:\/\/www.tressis.com\/ca\/wp-json\/wp\/v2\/categories?post=104040"},{"taxonomy":"post_tag","embeddable":true,"href":"https:\/\/www.tressis.com\/ca\/wp-json\/wp\/v2\/tags?post=104040"}],"curies":[{"name":"wp","href":"https:\/\/api.w.org\/{rel}","templated":true}]}}