{"id":102438,"date":"2024-10-24T09:16:51","date_gmt":"2024-10-24T07:16:51","guid":{"rendered":"https:\/\/www.tressis.com\/?p=102438"},"modified":"2025-04-09T11:27:22","modified_gmt":"2025-04-09T09:27:22","slug":"resultados-empresariales-atraen-foco","status":"publish","type":"post","link":"https:\/\/www.tressis.com\/ca\/blog\/resultados-empresariales-atraen-foco\/","title":{"rendered":"Las presentaciones de resultados empresariales atraen el foco"},"content":{"rendered":"<p>Las presentaciones de resultados centraron el foco, destacando la ca\u00edda del 2% en las acciones de Deutsche Bank tras aumentar su previsi\u00f3n de pr\u00e9stamos dudosos en un contexto de debilidad de la econom\u00eda alemana, eclipsando su regreso a los beneficios en el tercer trimestre. L&#8217;Or\u00e9al, por su parte, cay\u00f3 un -2,5%, lastrada por la menor demanda de productos de belleza en China y el crecimiento reducido de su divisi\u00f3n dermatol\u00f3gica.<\/p>\n<p>&nbsp;<\/p>\n<p>Las acciones europeas cerraron la sesi\u00f3n del mi\u00e9rcoles en rojo con los valores mineros como principales lastres. Los decepcionantes resultados de pesos pesados como Deutsche Bank y el gigante de la belleza L&#8217;Or\u00e9al acentuaron el sentimiento negativo. El Euro Stoxx 50 se dej\u00f3 un 0,36%, mientras que las principales bolsas del Viejo Continente cerraron a la baja, a excepci\u00f3n del \u00edndice espa\u00f1ol: DAX -0,23%, CAC 40 -0,50% e Ibex 35 +0,27%.<\/p>\n<p>&nbsp;<\/p>\n<h2><strong>Recelo en la eurozona<\/strong><\/h2>\n<p>Adem\u00e1s de los resultados empresariales, los inversores tienen puesta su atenci\u00f3n en la trayectoria de recortes de tipos del Banco Central Europeo. El economista jefe, Philip Lane, indic\u00f3 que los recientes d\u00e9biles datos sobre la econom\u00eda de la zona euro generan dudas sobre las perspectivas de recuperaci\u00f3n del bloque. La preocupaci\u00f3n radica en que el lento crecimiento econ\u00f3mico podr\u00eda reflejarse en los resultados empresariales de este trimestre. En este contexto, han subido las apuestas a una bajada de tipos m\u00e1s r\u00e1pida y significativa por parte del BCE, tras advertencias de varios responsables pol\u00edticos sobre el riesgo de sobrepasar el objetivo de inflaci\u00f3n del 2%, lo que supone un notable cambio de tono tras una campa\u00f1a de dos a\u00f1os para frenar los precios.<\/p>\n<p>&nbsp;<\/p>\n<div style=\"text-align: center; margin-bottom: 10px;\"><a href=\"https:\/\/www.tressis.com\/landing\/campana\/tressis-vision\/index.html?utm_campaign=descarga_paper&amp;utm_medium=blog_MMV&amp;utm_source=tressisvision\" target=\"_blank\" rel=\"noopener\"><img class=\"alignnone size-full\" \nsrc=\"https:\/\/www.tressis.com\/wp-content\/uploads\/2024\/04\/CTA-Tressis-vision-para-articulos-blog.webp\" alt=\"Informe mensual - Tressis visi\u00f3n\" \nwidth=\"800\" height=\"354\" \/><\/a><\/div>\n<p>&nbsp;<\/p>\n<h2><strong>Resultados estadounidenses<\/strong><\/h2>\n<p>En Wall Street, los mercados tambi\u00e9n cerraron a la baja, presionados por el aumento de los rendimientos de los bonos del Tesoro y la creciente incertidumbre sobre recortes de tipos por parte de la Reserva Federal. Las acciones de gran capitalizaci\u00f3n como Nvidia (-2,81%), Apple (-2,16%), Meta (-3,15%) y Amazon (-2,63%) arrastraron al Nasdaq, que se dej\u00f3 un -1,60%. Los \u00edndices Dow Jones (-0,96%) y S&#038;P 500 (-0,92%) tambi\u00e9n experimentaron ca\u00eddas. De los once subsectores del S&#038;P, solo los servicios p\u00fablicos y el sector inmobiliario registraron ganancias.<\/p>\n<p>&nbsp;<\/p>\n<h2><strong>McDonald&#8217;s afectada<\/strong><\/h2>\n<p>Entre los nombres m\u00e1s afectados, McDonald&#8217;s y Coca-Cola corrigieron un -5,12% y un -2,07% respectivamente. La primera se vio afectada por una infecci\u00f3n por Escherichia coli vinculada a sus hamburguesas de cuarto de libra, mientras que la famosa marca de refrescos reiter\u00f3 su previsi\u00f3n de crecimiento anual de los beneficios, aunque esperaba mayores ingresos.<\/p>\n<p>&nbsp;<\/p>\n<h2><strong>Tesla desvela el Cybercab<\/strong><\/h2>\n<p>Aunque sin duda el principal examinado ayer era Tesla, la compa\u00f1\u00eda del pol\u00e9mico Elon Musk. Esperan lograr un ligero crecimiento en las entregas de veh\u00edculos este a\u00f1o y report\u00f3 un margen de beneficio mayor de lo esperado para el tercer trimestre, ya que los costes de materias primas cayeron, revalorizando las acciones un +12% en las horas posteriores al cierre del mercado. La empresa tambi\u00e9n super\u00f3 con creces las expectativas de beneficios. Estas noticias positivas llegan despu\u00e9s de que, a principios de mes, presentara su robotaxi, <a href=\"https:\/\/elpais.com\/tecnologia\/2024-10-11\/elon-musk-presenta-cybercab-el-robotaxi-de-tesla-sin-conductor-que-quiere-revolucionar-el-sector.html\" rel=\"noopener\" target=\"_blank\">bautizado como Cybercab<\/a>, y una furgoneta autoconducida de veinte plazas, en un esfuerzo por acelerar el desarrollo de sus tecnolog\u00edas aut\u00f3nomas, incluido el <a href=\"https:\/\/es.wired.com\/articulos\/tesla-presenta-a-optimus-su-robot-humanoide-que-puede-hacer-cuanto-costara-y-que-tan-autonomo-es\" rel=\"noopener\" target=\"_blank\">robot humanoide Optimus<\/a>.<\/p>\n<p>&nbsp;<\/p>\n<p>Ma\u00f1ana tendremos una jornada cargada de datos macroecon\u00f3micos, con los PMI de Europa y Reino Unido, adem\u00e1s de los PMI, los subsidios por desempleo y las ventas de nueva vivienda en Estados Unidos. Adem\u00e1s, pasar\u00e1n por la tarima compa\u00f1\u00edas como Hermes, Unilever o S&#038;P Global, entre otras.<\/p>\n<p>&nbsp;<\/p>\n<p>Feliz jueves.<\/p>\n<p>&nbsp;<\/p>\n<p><center><strong>Jose Francisco Ib\u00e1\u00f1ez<\/strong><br \/>\nAnalista<\/center><\/p>\n","protected":false},"excerpt":{"rendered":"<p>Las presentaciones de resultados centraron el foco, destacando la ca\u00edda del 2% en las acciones de Deutsche Bank tras aumentar su previsi\u00f3n de pr\u00e9stamos dudosos en un contexto de debilidad de la econom\u00eda alemana, eclipsando su regreso a los beneficios en el tercer trimestre. L&#8217;Or\u00e9al, por su parte, cay\u00f3 un -2,5%, lastrada por la menor [&hellip;]<\/p>\n","protected":false},"author":9,"featured_media":102443,"comment_status":"closed","ping_status":"open","sticky":false,"template":"","format":"standard","meta":{"_acf_changed":false,"footnotes":""},"categories":[9721],"tags":[186,259,483,1217,9787,9167,2290,9435,9706,8584,4544,9788,9441,9786,6552,9699],"class_list":["post-102438","post","type-post","status-publish","format-standard","has-post-thumbnail","hentry","category-morning-meeting","tag-amazon","tag-apple","tag-banco-central-europeo","tag-coca-cola","tag-cybercab","tag-el-ibex-35-hoy","tag-elon-musk","tag-hermes","tag-mcdonalds","tag-meta","tag-nvidia","tag-optimus","tag-philip-lane","tag-robotaxi","tag-tesla","tag-unilever"],"acf":[],"yoast_head":"<!-- This site is optimized with the Yoast SEO plugin v27.4 - https:\/\/yoast.com\/product\/yoast-seo-wordpress\/ -->\n<title>Las presentaciones de resultados empresariales atraen el foco<\/title>\n<meta name=\"description\" content=\"Las presentaciones de resultados centraron el foco y los de la zona euro generan dudas sobre las perspectivas de recuperaci\u00f3n del bloque.\" \/>\n<meta name=\"robots\" content=\"index, follow, max-snippet:-1, max-image-preview:large, max-video-preview:-1\" \/>\n<link rel=\"canonical\" href=\"https:\/\/www.tressis.com\/ca\/blog\/resultados-empresariales-atraen-foco\/\" \/>\n<meta property=\"og:locale\" content=\"ca_ES\" \/>\n<meta property=\"og:type\" content=\"article\" \/>\n<meta property=\"og:title\" content=\"Las presentaciones de resultados empresariales atraen el foco\" \/>\n<meta property=\"og:description\" content=\"Las presentaciones de resultados centraron el foco y los de la zona euro generan dudas sobre las perspectivas de recuperaci\u00f3n del bloque.\" \/>\n<meta property=\"og:url\" content=\"https:\/\/www.tressis.com\/ca\/blog\/resultados-empresariales-atraen-foco\/\" \/>\n<meta property=\"og:site_name\" content=\"Tressis\" \/>\n<meta property=\"article:publisher\" content=\"https:\/\/www.facebook.com\/Tressis\/\" \/>\n<meta property=\"article:published_time\" content=\"2024-10-24T07:16:51+00:00\" \/>\n<meta property=\"article:modified_time\" content=\"2025-04-09T09:27:22+00:00\" \/>\n<meta property=\"og:image\" content=\"https:\/\/www.tressis.com\/wp-content\/uploads\/2024\/10\/resultados-empresariales-atraen-foco-01.webp\" \/>\n\t<meta property=\"og:image:width\" content=\"1200\" \/>\n\t<meta property=\"og:image:height\" content=\"531\" \/>\n\t<meta property=\"og:image:type\" content=\"image\/webp\" \/>\n<meta name=\"author\" content=\"Armando\" \/>\n<meta name=\"twitter:card\" content=\"summary_large_image\" \/>\n<meta name=\"twitter:creator\" content=\"@TressisSV\" \/>\n<meta name=\"twitter:site\" content=\"@TressisSV\" \/>\n<meta name=\"twitter:label1\" content=\"Escrit per\" \/>\n\t<meta name=\"twitter:data1\" content=\"Armando\" \/>\n\t<meta name=\"twitter:label2\" content=\"Temps estimat de lectura\" \/>\n\t<meta name=\"twitter:data2\" content=\"3 minuts\" \/>\n<script type=\"application\/ld+json\" class=\"yoast-schema-graph\">{\"@context\":\"https:\\\/\\\/schema.org\",\"@graph\":[{\"@type\":\"Article\",\"@id\":\"https:\\\/\\\/www.tressis.com\\\/ca\\\/blog\\\/resultados-empresariales-atraen-foco\\\/#article\",\"isPartOf\":{\"@id\":\"https:\\\/\\\/www.tressis.com\\\/ca\\\/blog\\\/resultados-empresariales-atraen-foco\\\/\"},\"author\":{\"name\":\"Armando\",\"@id\":\"https:\\\/\\\/www.tressis.com\\\/ca\\\/#\\\/schema\\\/person\\\/56d3b4de0493f088a4ca62a2e0c790ae\"},\"headline\":\"Las presentaciones de resultados empresariales atraen el foco\",\"datePublished\":\"2024-10-24T07:16:51+00:00\",\"dateModified\":\"2025-04-09T09:27:22+00:00\",\"mainEntityOfPage\":{\"@id\":\"https:\\\/\\\/www.tressis.com\\\/ca\\\/blog\\\/resultados-empresariales-atraen-foco\\\/\"},\"wordCount\":645,\"publisher\":{\"@id\":\"https:\\\/\\\/www.tressis.com\\\/ca\\\/#organization\"},\"image\":{\"@id\":\"https:\\\/\\\/www.tressis.com\\\/ca\\\/blog\\\/resultados-empresariales-atraen-foco\\\/#primaryimage\"},\"thumbnailUrl\":\"https:\\\/\\\/www.tressis.com\\\/wp-content\\\/uploads\\\/2024\\\/10\\\/resultados-empresariales-atraen-foco-01.webp\",\"keywords\":[\"amazon\",\"Apple\",\"banco central europeo\",\"Coca-cola\",\"Cybercab\",\"el Ibex 35 hoy\",\"Elon Musk\",\"Hermes\",\"McDonalds\",\"meta\",\"nvidia\",\"Optimus\",\"Philip Lane\",\"robotaxi\",\"tesla\",\"Unilever\"],\"articleSection\":[\"Morning meeting\"],\"inLanguage\":\"ca\"},{\"@type\":\"WebPage\",\"@id\":\"https:\\\/\\\/www.tressis.com\\\/ca\\\/blog\\\/resultados-empresariales-atraen-foco\\\/\",\"url\":\"https:\\\/\\\/www.tressis.com\\\/ca\\\/blog\\\/resultados-empresariales-atraen-foco\\\/\",\"name\":\"Las presentaciones de resultados empresariales atraen el foco\",\"isPartOf\":{\"@id\":\"https:\\\/\\\/www.tressis.com\\\/ca\\\/#website\"},\"primaryImageOfPage\":{\"@id\":\"https:\\\/\\\/www.tressis.com\\\/ca\\\/blog\\\/resultados-empresariales-atraen-foco\\\/#primaryimage\"},\"image\":{\"@id\":\"https:\\\/\\\/www.tressis.com\\\/ca\\\/blog\\\/resultados-empresariales-atraen-foco\\\/#primaryimage\"},\"thumbnailUrl\":\"https:\\\/\\\/www.tressis.com\\\/wp-content\\\/uploads\\\/2024\\\/10\\\/resultados-empresariales-atraen-foco-01.webp\",\"datePublished\":\"2024-10-24T07:16:51+00:00\",\"dateModified\":\"2025-04-09T09:27:22+00:00\",\"description\":\"Las presentaciones de resultados centraron el foco y los de la zona euro generan dudas sobre las perspectivas de recuperaci\u00f3n del bloque.\",\"breadcrumb\":{\"@id\":\"https:\\\/\\\/www.tressis.com\\\/ca\\\/blog\\\/resultados-empresariales-atraen-foco\\\/#breadcrumb\"},\"inLanguage\":\"ca\",\"potentialAction\":[{\"@type\":\"ReadAction\",\"target\":[\"https:\\\/\\\/www.tressis.com\\\/ca\\\/blog\\\/resultados-empresariales-atraen-foco\\\/\"]}]},{\"@type\":\"ImageObject\",\"inLanguage\":\"ca\",\"@id\":\"https:\\\/\\\/www.tressis.com\\\/ca\\\/blog\\\/resultados-empresariales-atraen-foco\\\/#primaryimage\",\"url\":\"https:\\\/\\\/www.tressis.com\\\/wp-content\\\/uploads\\\/2024\\\/10\\\/resultados-empresariales-atraen-foco-01.webp\",\"contentUrl\":\"https:\\\/\\\/www.tressis.com\\\/wp-content\\\/uploads\\\/2024\\\/10\\\/resultados-empresariales-atraen-foco-01.webp\",\"width\":1200,\"height\":531,\"caption\":\"Las presentaciones de resultados empresariales atraen el foco\"},{\"@type\":\"BreadcrumbList\",\"@id\":\"https:\\\/\\\/www.tressis.com\\\/ca\\\/blog\\\/resultados-empresariales-atraen-foco\\\/#breadcrumb\",\"itemListElement\":[{\"@type\":\"ListItem\",\"position\":1,\"name\":\"Inicio\",\"item\":\"https:\\\/\\\/www.tressis.com\\\/ca\\\/\"},{\"@type\":\"ListItem\",\"position\":2,\"name\":\"Morning meeting\",\"item\":\"https:\\\/\\\/www.tressis.com\\\/ca\\\/blog\\\/categorias\\\/morning-meeting-ca\\\/\"},{\"@type\":\"ListItem\",\"position\":3,\"name\":\"Las presentaciones de resultados empresariales atraen el foco\"}]},{\"@type\":\"WebSite\",\"@id\":\"https:\\\/\\\/www.tressis.com\\\/ca\\\/#website\",\"url\":\"https:\\\/\\\/www.tressis.com\\\/ca\\\/\",\"name\":\"Tressis banca privada\",\"description\":\"Tressis | Planificaci\u00f3n financiera y gesti\u00f3n de patrimonios\",\"publisher\":{\"@id\":\"https:\\\/\\\/www.tressis.com\\\/ca\\\/#organization\"},\"potentialAction\":[{\"@type\":\"SearchAction\",\"target\":{\"@type\":\"EntryPoint\",\"urlTemplate\":\"https:\\\/\\\/www.tressis.com\\\/ca\\\/?s={search_term_string}\"},\"query-input\":{\"@type\":\"PropertyValueSpecification\",\"valueRequired\":true,\"valueName\":\"search_term_string\"}}],\"inLanguage\":\"ca\"},{\"@type\":\"Organization\",\"@id\":\"https:\\\/\\\/www.tressis.com\\\/ca\\\/#organization\",\"name\":\"Tressis\",\"url\":\"https:\\\/\\\/www.tressis.com\\\/ca\\\/\",\"logo\":{\"@type\":\"ImageObject\",\"inLanguage\":\"ca\",\"@id\":\"https:\\\/\\\/www.tressis.com\\\/ca\\\/#\\\/schema\\\/logo\\\/image\\\/\",\"url\":\"https:\\\/\\\/www.tressis.com\\\/wp-content\\\/uploads\\\/2025\\\/06\\\/logo-tressis-112.png\",\"contentUrl\":\"https:\\\/\\\/www.tressis.com\\\/wp-content\\\/uploads\\\/2025\\\/06\\\/logo-tressis-112.png\",\"width\":112,\"height\":112,\"caption\":\"Tressis\"},\"image\":{\"@id\":\"https:\\\/\\\/www.tressis.com\\\/ca\\\/#\\\/schema\\\/logo\\\/image\\\/\"},\"sameAs\":[\"https:\\\/\\\/www.facebook.com\\\/Tressis\\\/\",\"https:\\\/\\\/x.com\\\/TressisSV\",\"https:\\\/\\\/www.instagram.com\\\/tressissv\\\/?hl=es\",\"https:\\\/\\\/linkedin.com\\\/company\\\/tressis\\\/\",\"https:\\\/\\\/www.youtube.com\\\/user\\\/tressissv\",\"https:\\\/\\\/open.spotify.com\\\/show\\\/3jmTe1Nf0wqMILl7diWV6h?si=d7112519f13c4593&nd=1\"]},{\"@type\":\"Person\",\"@id\":\"https:\\\/\\\/www.tressis.com\\\/ca\\\/#\\\/schema\\\/person\\\/56d3b4de0493f088a4ca62a2e0c790ae\",\"name\":\"Armando\",\"image\":{\"@type\":\"ImageObject\",\"inLanguage\":\"ca\",\"@id\":\"https:\\\/\\\/secure.gravatar.com\\\/avatar\\\/6d7efca74644be7dae792b122beab663996c233ae58f101b52769ece1cbf1435?s=96&d=mm&r=g\",\"url\":\"https:\\\/\\\/secure.gravatar.com\\\/avatar\\\/6d7efca74644be7dae792b122beab663996c233ae58f101b52769ece1cbf1435?s=96&d=mm&r=g\",\"contentUrl\":\"https:\\\/\\\/secure.gravatar.com\\\/avatar\\\/6d7efca74644be7dae792b122beab663996c233ae58f101b52769ece1cbf1435?s=96&d=mm&r=g\",\"caption\":\"Armando\"}}]}<\/script>\n<!-- \/ Yoast SEO plugin. -->","yoast_head_json":{"title":"Las presentaciones de resultados empresariales atraen el foco","description":"Las presentaciones de resultados centraron el foco y los de la zona euro generan dudas sobre las perspectivas de recuperaci\u00f3n del bloque.","robots":{"index":"index","follow":"follow","max-snippet":"max-snippet:-1","max-image-preview":"max-image-preview:large","max-video-preview":"max-video-preview:-1"},"canonical":"https:\/\/www.tressis.com\/ca\/blog\/resultados-empresariales-atraen-foco\/","og_locale":"ca_ES","og_type":"article","og_title":"Las presentaciones de resultados empresariales atraen el foco","og_description":"Las presentaciones de resultados centraron el foco y los de la zona euro generan dudas sobre las perspectivas de recuperaci\u00f3n del bloque.","og_url":"https:\/\/www.tressis.com\/ca\/blog\/resultados-empresariales-atraen-foco\/","og_site_name":"Tressis","article_publisher":"https:\/\/www.facebook.com\/Tressis\/","article_published_time":"2024-10-24T07:16:51+00:00","article_modified_time":"2025-04-09T09:27:22+00:00","og_image":[{"width":1200,"height":531,"url":"https:\/\/www.tressis.com\/wp-content\/uploads\/2024\/10\/resultados-empresariales-atraen-foco-01.webp","type":"image\/webp"}],"author":"Armando","twitter_card":"summary_large_image","twitter_creator":"@TressisSV","twitter_site":"@TressisSV","twitter_misc":{"Escrit per":"Armando","Temps estimat de lectura":"3 minuts"},"schema":{"@context":"https:\/\/schema.org","@graph":[{"@type":"Article","@id":"https:\/\/www.tressis.com\/ca\/blog\/resultados-empresariales-atraen-foco\/#article","isPartOf":{"@id":"https:\/\/www.tressis.com\/ca\/blog\/resultados-empresariales-atraen-foco\/"},"author":{"name":"Armando","@id":"https:\/\/www.tressis.com\/ca\/#\/schema\/person\/56d3b4de0493f088a4ca62a2e0c790ae"},"headline":"Las presentaciones de resultados empresariales atraen el foco","datePublished":"2024-10-24T07:16:51+00:00","dateModified":"2025-04-09T09:27:22+00:00","mainEntityOfPage":{"@id":"https:\/\/www.tressis.com\/ca\/blog\/resultados-empresariales-atraen-foco\/"},"wordCount":645,"publisher":{"@id":"https:\/\/www.tressis.com\/ca\/#organization"},"image":{"@id":"https:\/\/www.tressis.com\/ca\/blog\/resultados-empresariales-atraen-foco\/#primaryimage"},"thumbnailUrl":"https:\/\/www.tressis.com\/wp-content\/uploads\/2024\/10\/resultados-empresariales-atraen-foco-01.webp","keywords":["amazon","Apple","banco central europeo","Coca-cola","Cybercab","el Ibex 35 hoy","Elon Musk","Hermes","McDonalds","meta","nvidia","Optimus","Philip Lane","robotaxi","tesla","Unilever"],"articleSection":["Morning meeting"],"inLanguage":"ca"},{"@type":"WebPage","@id":"https:\/\/www.tressis.com\/ca\/blog\/resultados-empresariales-atraen-foco\/","url":"https:\/\/www.tressis.com\/ca\/blog\/resultados-empresariales-atraen-foco\/","name":"Las presentaciones de resultados empresariales atraen el foco","isPartOf":{"@id":"https:\/\/www.tressis.com\/ca\/#website"},"primaryImageOfPage":{"@id":"https:\/\/www.tressis.com\/ca\/blog\/resultados-empresariales-atraen-foco\/#primaryimage"},"image":{"@id":"https:\/\/www.tressis.com\/ca\/blog\/resultados-empresariales-atraen-foco\/#primaryimage"},"thumbnailUrl":"https:\/\/www.tressis.com\/wp-content\/uploads\/2024\/10\/resultados-empresariales-atraen-foco-01.webp","datePublished":"2024-10-24T07:16:51+00:00","dateModified":"2025-04-09T09:27:22+00:00","description":"Las presentaciones de resultados centraron el foco y los de la zona euro generan dudas sobre las perspectivas de recuperaci\u00f3n del bloque.","breadcrumb":{"@id":"https:\/\/www.tressis.com\/ca\/blog\/resultados-empresariales-atraen-foco\/#breadcrumb"},"inLanguage":"ca","potentialAction":[{"@type":"ReadAction","target":["https:\/\/www.tressis.com\/ca\/blog\/resultados-empresariales-atraen-foco\/"]}]},{"@type":"ImageObject","inLanguage":"ca","@id":"https:\/\/www.tressis.com\/ca\/blog\/resultados-empresariales-atraen-foco\/#primaryimage","url":"https:\/\/www.tressis.com\/wp-content\/uploads\/2024\/10\/resultados-empresariales-atraen-foco-01.webp","contentUrl":"https:\/\/www.tressis.com\/wp-content\/uploads\/2024\/10\/resultados-empresariales-atraen-foco-01.webp","width":1200,"height":531,"caption":"Las presentaciones de resultados empresariales atraen el foco"},{"@type":"BreadcrumbList","@id":"https:\/\/www.tressis.com\/ca\/blog\/resultados-empresariales-atraen-foco\/#breadcrumb","itemListElement":[{"@type":"ListItem","position":1,"name":"Inicio","item":"https:\/\/www.tressis.com\/ca\/"},{"@type":"ListItem","position":2,"name":"Morning meeting","item":"https:\/\/www.tressis.com\/ca\/blog\/categorias\/morning-meeting-ca\/"},{"@type":"ListItem","position":3,"name":"Las presentaciones de resultados empresariales atraen el foco"}]},{"@type":"WebSite","@id":"https:\/\/www.tressis.com\/ca\/#website","url":"https:\/\/www.tressis.com\/ca\/","name":"Tressis banca privada","description":"Tressis | Planificaci\u00f3n financiera y gesti\u00f3n de patrimonios","publisher":{"@id":"https:\/\/www.tressis.com\/ca\/#organization"},"potentialAction":[{"@type":"SearchAction","target":{"@type":"EntryPoint","urlTemplate":"https:\/\/www.tressis.com\/ca\/?s={search_term_string}"},"query-input":{"@type":"PropertyValueSpecification","valueRequired":true,"valueName":"search_term_string"}}],"inLanguage":"ca"},{"@type":"Organization","@id":"https:\/\/www.tressis.com\/ca\/#organization","name":"Tressis","url":"https:\/\/www.tressis.com\/ca\/","logo":{"@type":"ImageObject","inLanguage":"ca","@id":"https:\/\/www.tressis.com\/ca\/#\/schema\/logo\/image\/","url":"https:\/\/www.tressis.com\/wp-content\/uploads\/2025\/06\/logo-tressis-112.png","contentUrl":"https:\/\/www.tressis.com\/wp-content\/uploads\/2025\/06\/logo-tressis-112.png","width":112,"height":112,"caption":"Tressis"},"image":{"@id":"https:\/\/www.tressis.com\/ca\/#\/schema\/logo\/image\/"},"sameAs":["https:\/\/www.facebook.com\/Tressis\/","https:\/\/x.com\/TressisSV","https:\/\/www.instagram.com\/tressissv\/?hl=es","https:\/\/linkedin.com\/company\/tressis\/","https:\/\/www.youtube.com\/user\/tressissv","https:\/\/open.spotify.com\/show\/3jmTe1Nf0wqMILl7diWV6h?si=d7112519f13c4593&nd=1"]},{"@type":"Person","@id":"https:\/\/www.tressis.com\/ca\/#\/schema\/person\/56d3b4de0493f088a4ca62a2e0c790ae","name":"Armando","image":{"@type":"ImageObject","inLanguage":"ca","@id":"https:\/\/secure.gravatar.com\/avatar\/6d7efca74644be7dae792b122beab663996c233ae58f101b52769ece1cbf1435?s=96&d=mm&r=g","url":"https:\/\/secure.gravatar.com\/avatar\/6d7efca74644be7dae792b122beab663996c233ae58f101b52769ece1cbf1435?s=96&d=mm&r=g","contentUrl":"https:\/\/secure.gravatar.com\/avatar\/6d7efca74644be7dae792b122beab663996c233ae58f101b52769ece1cbf1435?s=96&d=mm&r=g","caption":"Armando"}}]}},"_links":{"self":[{"href":"https:\/\/www.tressis.com\/ca\/wp-json\/wp\/v2\/posts\/102438","targetHints":{"allow":["GET"]}}],"collection":[{"href":"https:\/\/www.tressis.com\/ca\/wp-json\/wp\/v2\/posts"}],"about":[{"href":"https:\/\/www.tressis.com\/ca\/wp-json\/wp\/v2\/types\/post"}],"author":[{"embeddable":true,"href":"https:\/\/www.tressis.com\/ca\/wp-json\/wp\/v2\/users\/9"}],"replies":[{"embeddable":true,"href":"https:\/\/www.tressis.com\/ca\/wp-json\/wp\/v2\/comments?post=102438"}],"version-history":[{"count":13,"href":"https:\/\/www.tressis.com\/ca\/wp-json\/wp\/v2\/posts\/102438\/revisions"}],"predecessor-version":[{"id":106757,"href":"https:\/\/www.tressis.com\/ca\/wp-json\/wp\/v2\/posts\/102438\/revisions\/106757"}],"wp:featuredmedia":[{"embeddable":true,"href":"https:\/\/www.tressis.com\/ca\/wp-json\/wp\/v2\/media\/102443"}],"wp:attachment":[{"href":"https:\/\/www.tressis.com\/ca\/wp-json\/wp\/v2\/media?parent=102438"}],"wp:term":[{"taxonomy":"category","embeddable":true,"href":"https:\/\/www.tressis.com\/ca\/wp-json\/wp\/v2\/categories?post=102438"},{"taxonomy":"post_tag","embeddable":true,"href":"https:\/\/www.tressis.com\/ca\/wp-json\/wp\/v2\/tags?post=102438"}],"curies":[{"name":"wp","href":"https:\/\/api.w.org\/{rel}","templated":true}]}}