{"id":101931,"date":"2024-10-03T09:26:03","date_gmt":"2024-10-03T07:26:03","guid":{"rendered":"https:\/\/www.tressis.com\/?p=101931"},"modified":"2024-10-03T09:26:03","modified_gmt":"2024-10-03T07:26:03","slug":"escalada-tensiones-oriente-medio","status":"publish","type":"post","link":"https:\/\/www.tressis.com\/ca\/blog\/escalada-tensiones-oriente-medio\/","title":{"rendered":"Contin\u00faa la escalada de tensiones en Oriente Medio"},"content":{"rendered":"<p>Israel bombarde\u00f3 el centro de Beirut a primera hora del jueves, matando al menos a seis personas, despu\u00e9s de que sus fuerzas sufrieran su d\u00eda m\u00e1s sangriento en el frente liban\u00e9s, tras un a\u00f1o de enfrentamientos con Hezbol\u00e1, respaldada por Ir\u00e1n. Un d\u00eda despu\u00e9s de que Ir\u00e1n disparara m\u00e1s de 180 misiles contra Israel, este \u00faltimo declar\u00f3 que ocho soldados hab\u00edan muerto en combates terrestres en el sur del L\u00edbano, mientras sus fuerzas se adentraban en su vecino del norte.<\/p>\n<p>&nbsp;<\/p>\n<p><center><a href=\"https:\/\/www.tressis.com\/landing\/campana\/tressis-vision\/index.html?utm_campaign=descarga_paper&amp;utm_medium=blog_MMV&amp;utm_source=tressisvision\" target=\"_blank\" rel=\"noopener\"><img fetchpriority=\"high\" decoding=\"async\" class=\"aligncenter wp-image-67199 size-full\" src=\"https:\/\/www.tressis.com\/wp-content\/uploads\/2023\/03\/CTA-Tressis-vision-para-articulos-blog.jpg\" alt=\"Informe mensual - Tressis visi\u00f3n\" width=\"800\" height=\"354\" srcset=\"https:\/\/www.tressis.com\/wp-content\/uploads\/2023\/03\/CTA-Tressis-vision-para-articulos-blog.jpg 800w, https:\/\/www.tressis.com\/wp-content\/uploads\/2023\/03\/CTA-Tressis-vision-para-articulos-blog-300x133.jpg 300w, https:\/\/www.tressis.com\/wp-content\/uploads\/2023\/03\/CTA-Tressis-vision-para-articulos-blog-768x340.jpg 768w\" sizes=\"(max-width: 800px) 100vw, 800px\" \/><\/a><\/center>&nbsp;<\/p>\n<h2><strong>Los l\u00edderes del G7 expresan su gran preocupaci\u00f3n por la crisis de Oriente Medio<\/strong><\/h2>\n<p>El ej\u00e9rcito israel\u00ed inform\u00f3 de que unidades regulares de infanter\u00eda y blindados se unieron a las operaciones terrestres en el L\u00edbano el mi\u00e9rcoles, mientras el ataque con misiles de Ir\u00e1n y la promesa de represalias de Israel avivaban la preocupaci\u00f3n de un conflicto m\u00e1s amplio. Los l\u00edderes del G7 expresaron su gran preocupaci\u00f3n por la crisis de Oriente Medio, pero afirmaron que a\u00fan es viable una soluci\u00f3n diplom\u00e1tica y que un conflicto en toda la regi\u00f3n no beneficia a nadie. Mientras, China pidi\u00f3 al Consejo de Seguridad de las Naciones Unidas que tomara medidas urgentes para aliviar la situaci\u00f3n.<\/p>\n<p>&nbsp;<\/p>\n<p>En Europa la mayor\u00eda de los \u00edndices se mantuvieron pr\u00e1cticamente planos, con el Euro Stoxx 50 (+0,14%), el DAX alem\u00e1n (-0,25%) y el CAC franc\u00e9s (+0,05%) apenas movi\u00e9ndose, mientras que el Ibex 35 s\u00ed cay\u00f3 algo m\u00e1s al cerrar en -0,55%.<\/p>\n<p>&nbsp;<\/p>\n<h2><strong>El precio del petr\u00f3leo continua al alza<\/strong><\/h2>\n<p>El sector energ\u00e9tico lider\u00f3 las subidas entre los principales sectores con un 1,6% y registr\u00f3 su mejor sesi\u00f3n en m\u00e1s de ocho semanas, ya que los precios del <a href=\"https:\/\/www.elperiodico.com\/es\/economia\/20241002\/petroleo-prosigue-escalada-suma-7-108820912\" target=\"_blank\" rel=\"noopener\">petr\u00f3leo<\/a> contin\u00faan al alza debido a los conflictos entre Israel e Ir\u00e1n. Las hostilidades tambi\u00e9n impulsaron a las empresas de defensa, como la alemana Rheinmetall y la brit\u00e1nica BAE Systems, que subieron m\u00e1s de un 1% cada una, mientras que la sueca Saab sum\u00f3 un 2,5%.<\/p>\n<p>&nbsp;<\/p>\n<p>Los rendimientos de la deuda p\u00fablica de la zona euro, que se mueven de forma inversa a los precios, subieron un d\u00eda despu\u00e9s de que los bonos a largo plazo registraran su mayor ca\u00edda diaria desde mediados de junio. El sector de servicios p\u00fablicos fue el principal bajista, con un descenso del 1,6%.<\/p>\n<p>&nbsp;<\/p>\n<p>En cuanto a los datos macro, el desempleo de la zona euro en agosto se situ\u00f3 en el 6,4%, igualando las estimaciones de los analistas.<\/p>\n<p>&nbsp;<\/p>\n<h2><strong>Nike cay\u00f3 un 6,8%<\/strong><\/h2>\n<p>Al otro lado del charco las bolsas tambi\u00e9n cerraron apenas sin cambio, con el Dow Jones subiendo un +0,09%, el S&#038;P 500 creciendo un +0,01% y el Nasdaq un +0,08%. Entre las acciones a la baja, Nike cay\u00f3 un 6,8% despu\u00e9s de que el fabricante de calzado y ropa deportiva revisara a la baja su previsi\u00f3n de ingresos anuales justo cuando un nuevo presidente ejecutivo est\u00e1 a punto de asumir el cargo. Las acciones de Humana cayeron un 11,8% despu\u00e9s de que la aseguradora de salud dijera que esperaba que la inscripci\u00f3n en sus planes Medicare Advantage disminuyera para 2025.<\/p>\n<p>&nbsp;<\/p>\n<p>El principal dato macro que conocimos ayer en Estados Unidos fue el de empleos no agr\u00edcolas que publica ADP, que bati\u00f3 a las expectativas y al dato anterior (143.000 vs. 124.000 esperado vs. 103.000 anterior).<\/p>\n<p>&nbsp;<\/p>\n<p>Hoy tenemos una agenda macro cargada de datos por conocer, empezando por los PMI de servicios en la eurozona y en el Reino Unido, seguidos de los de Estados Unidos y las peticiones de desempleo americanas.<\/p>\n<p>&nbsp;<\/p>\n<p>Feliz jueves.<\/p>\n<p>&nbsp;<\/p>\n<p><center><strong>Jose Francisco Ib\u00e1\u00f1ez<\/strong><br \/>\nAnalista<\/center><\/p>\n","protected":false},"excerpt":{"rendered":"<p>Israel bombarde\u00f3 el centro de Beirut a primera hora del jueves, matando al menos a seis personas, despu\u00e9s de que sus fuerzas sufrieran su d\u00eda m\u00e1s sangriento en el frente liban\u00e9s, tras un a\u00f1o de enfrentamientos con Hezbol\u00e1, respaldada por Ir\u00e1n. Un d\u00eda despu\u00e9s de que Ir\u00e1n disparara m\u00e1s de 180 misiles contra Israel, este [&hellip;]<\/p>\n","protected":false},"author":4,"featured_media":101932,"comment_status":"closed","ping_status":"open","sticky":false,"template":"","format":"standard","meta":{"_acf_changed":false,"footnotes":""},"categories":[9721],"tags":[],"class_list":["post-101931","post","type-post","status-publish","format-standard","has-post-thumbnail","hentry","category-morning-meeting"],"acf":[],"yoast_head":"<!-- This site is optimized with the Yoast SEO plugin v27.4 - https:\/\/yoast.com\/product\/yoast-seo-wordpress\/ -->\n<title>Contin\u00faa la escalada de tensiones en Oriente Medio<\/title>\n<meta name=\"description\" content=\"Israel bombarde\u00f3 el centro de Beirut a primera hora del jueves, matando al menos a seis personas.\" \/>\n<meta name=\"robots\" content=\"index, follow, max-snippet:-1, max-image-preview:large, max-video-preview:-1\" \/>\n<link rel=\"canonical\" href=\"https:\/\/www.tressis.com\/ca\/blog\/escalada-tensiones-oriente-medio\/\" \/>\n<meta property=\"og:locale\" content=\"ca_ES\" \/>\n<meta property=\"og:type\" content=\"article\" \/>\n<meta property=\"og:title\" content=\"Contin\u00faa la escalada de tensiones en Oriente Medio\" \/>\n<meta property=\"og:description\" content=\"Israel bombarde\u00f3 el centro de Beirut a primera hora del jueves, matando al menos a seis personas.\" \/>\n<meta property=\"og:url\" content=\"https:\/\/www.tressis.com\/ca\/blog\/escalada-tensiones-oriente-medio\/\" \/>\n<meta property=\"og:site_name\" content=\"Tressis\" \/>\n<meta property=\"article:publisher\" content=\"https:\/\/www.facebook.com\/Tressis\/\" \/>\n<meta property=\"article:published_time\" content=\"2024-10-03T07:26:03+00:00\" \/>\n<meta property=\"og:image\" content=\"https:\/\/www.tressis.com\/wp-content\/uploads\/2024\/10\/tensiones-oriente-medio.webp\" \/>\n\t<meta property=\"og:image:width\" content=\"1200\" \/>\n\t<meta property=\"og:image:height\" content=\"531\" \/>\n\t<meta property=\"og:image:type\" content=\"image\/webp\" \/>\n<meta name=\"author\" content=\"Lola\" \/>\n<meta name=\"twitter:card\" content=\"summary_large_image\" \/>\n<meta name=\"twitter:creator\" content=\"@TressisSV\" \/>\n<meta name=\"twitter:site\" content=\"@TressisSV\" \/>\n<meta name=\"twitter:label1\" content=\"Escrit per\" \/>\n\t<meta name=\"twitter:data1\" content=\"Lola\" \/>\n\t<meta name=\"twitter:label2\" content=\"Temps estimat de lectura\" \/>\n\t<meta name=\"twitter:data2\" content=\"3 minuts\" \/>\n<script type=\"application\/ld+json\" class=\"yoast-schema-graph\">{\"@context\":\"https:\\\/\\\/schema.org\",\"@graph\":[{\"@type\":\"Article\",\"@id\":\"https:\\\/\\\/www.tressis.com\\\/ca\\\/blog\\\/escalada-tensiones-oriente-medio\\\/#article\",\"isPartOf\":{\"@id\":\"https:\\\/\\\/www.tressis.com\\\/ca\\\/blog\\\/escalada-tensiones-oriente-medio\\\/\"},\"author\":{\"name\":\"Lola\",\"@id\":\"https:\\\/\\\/www.tressis.com\\\/ca\\\/#\\\/schema\\\/person\\\/b833c1d724d8764920b6d6852c70584e\"},\"headline\":\"Contin\u00faa la escalada de tensiones en Oriente Medio\",\"datePublished\":\"2024-10-03T07:26:03+00:00\",\"mainEntityOfPage\":{\"@id\":\"https:\\\/\\\/www.tressis.com\\\/ca\\\/blog\\\/escalada-tensiones-oriente-medio\\\/\"},\"wordCount\":630,\"publisher\":{\"@id\":\"https:\\\/\\\/www.tressis.com\\\/ca\\\/#organization\"},\"image\":{\"@id\":\"https:\\\/\\\/www.tressis.com\\\/ca\\\/blog\\\/escalada-tensiones-oriente-medio\\\/#primaryimage\"},\"thumbnailUrl\":\"https:\\\/\\\/www.tressis.com\\\/wp-content\\\/uploads\\\/2024\\\/10\\\/tensiones-oriente-medio.webp\",\"articleSection\":[\"Morning meeting\"],\"inLanguage\":\"ca\"},{\"@type\":\"WebPage\",\"@id\":\"https:\\\/\\\/www.tressis.com\\\/ca\\\/blog\\\/escalada-tensiones-oriente-medio\\\/\",\"url\":\"https:\\\/\\\/www.tressis.com\\\/ca\\\/blog\\\/escalada-tensiones-oriente-medio\\\/\",\"name\":\"Contin\u00faa la escalada de tensiones en Oriente Medio\",\"isPartOf\":{\"@id\":\"https:\\\/\\\/www.tressis.com\\\/ca\\\/#website\"},\"primaryImageOfPage\":{\"@id\":\"https:\\\/\\\/www.tressis.com\\\/ca\\\/blog\\\/escalada-tensiones-oriente-medio\\\/#primaryimage\"},\"image\":{\"@id\":\"https:\\\/\\\/www.tressis.com\\\/ca\\\/blog\\\/escalada-tensiones-oriente-medio\\\/#primaryimage\"},\"thumbnailUrl\":\"https:\\\/\\\/www.tressis.com\\\/wp-content\\\/uploads\\\/2024\\\/10\\\/tensiones-oriente-medio.webp\",\"datePublished\":\"2024-10-03T07:26:03+00:00\",\"description\":\"Israel bombarde\u00f3 el centro de Beirut a primera hora del jueves, matando al menos a seis personas.\",\"breadcrumb\":{\"@id\":\"https:\\\/\\\/www.tressis.com\\\/ca\\\/blog\\\/escalada-tensiones-oriente-medio\\\/#breadcrumb\"},\"inLanguage\":\"ca\",\"potentialAction\":[{\"@type\":\"ReadAction\",\"target\":[\"https:\\\/\\\/www.tressis.com\\\/ca\\\/blog\\\/escalada-tensiones-oriente-medio\\\/\"]}]},{\"@type\":\"ImageObject\",\"inLanguage\":\"ca\",\"@id\":\"https:\\\/\\\/www.tressis.com\\\/ca\\\/blog\\\/escalada-tensiones-oriente-medio\\\/#primaryimage\",\"url\":\"https:\\\/\\\/www.tressis.com\\\/wp-content\\\/uploads\\\/2024\\\/10\\\/tensiones-oriente-medio.webp\",\"contentUrl\":\"https:\\\/\\\/www.tressis.com\\\/wp-content\\\/uploads\\\/2024\\\/10\\\/tensiones-oriente-medio.webp\",\"width\":1200,\"height\":531,\"caption\":\"Continua la escalada de tensiones en Oriente Medio\"},{\"@type\":\"BreadcrumbList\",\"@id\":\"https:\\\/\\\/www.tressis.com\\\/ca\\\/blog\\\/escalada-tensiones-oriente-medio\\\/#breadcrumb\",\"itemListElement\":[{\"@type\":\"ListItem\",\"position\":1,\"name\":\"Inicio\",\"item\":\"https:\\\/\\\/www.tressis.com\\\/ca\\\/\"},{\"@type\":\"ListItem\",\"position\":2,\"name\":\"Morning meeting\",\"item\":\"https:\\\/\\\/www.tressis.com\\\/ca\\\/blog\\\/categorias\\\/morning-meeting-ca\\\/\"},{\"@type\":\"ListItem\",\"position\":3,\"name\":\"Contin\u00faa la escalada de tensiones en Oriente Medio\"}]},{\"@type\":\"WebSite\",\"@id\":\"https:\\\/\\\/www.tressis.com\\\/ca\\\/#website\",\"url\":\"https:\\\/\\\/www.tressis.com\\\/ca\\\/\",\"name\":\"Tressis banca privada\",\"description\":\"Tressis | Planificaci\u00f3n financiera y gesti\u00f3n de patrimonios\",\"publisher\":{\"@id\":\"https:\\\/\\\/www.tressis.com\\\/ca\\\/#organization\"},\"potentialAction\":[{\"@type\":\"SearchAction\",\"target\":{\"@type\":\"EntryPoint\",\"urlTemplate\":\"https:\\\/\\\/www.tressis.com\\\/ca\\\/?s={search_term_string}\"},\"query-input\":{\"@type\":\"PropertyValueSpecification\",\"valueRequired\":true,\"valueName\":\"search_term_string\"}}],\"inLanguage\":\"ca\"},{\"@type\":\"Organization\",\"@id\":\"https:\\\/\\\/www.tressis.com\\\/ca\\\/#organization\",\"name\":\"Tressis\",\"url\":\"https:\\\/\\\/www.tressis.com\\\/ca\\\/\",\"logo\":{\"@type\":\"ImageObject\",\"inLanguage\":\"ca\",\"@id\":\"https:\\\/\\\/www.tressis.com\\\/ca\\\/#\\\/schema\\\/logo\\\/image\\\/\",\"url\":\"https:\\\/\\\/www.tressis.com\\\/wp-content\\\/uploads\\\/2025\\\/06\\\/logo-tressis-112.png\",\"contentUrl\":\"https:\\\/\\\/www.tressis.com\\\/wp-content\\\/uploads\\\/2025\\\/06\\\/logo-tressis-112.png\",\"width\":112,\"height\":112,\"caption\":\"Tressis\"},\"image\":{\"@id\":\"https:\\\/\\\/www.tressis.com\\\/ca\\\/#\\\/schema\\\/logo\\\/image\\\/\"},\"sameAs\":[\"https:\\\/\\\/www.facebook.com\\\/Tressis\\\/\",\"https:\\\/\\\/x.com\\\/TressisSV\",\"https:\\\/\\\/www.instagram.com\\\/tressissv\\\/?hl=es\",\"https:\\\/\\\/linkedin.com\\\/company\\\/tressis\\\/\",\"https:\\\/\\\/www.youtube.com\\\/user\\\/tressissv\",\"https:\\\/\\\/open.spotify.com\\\/show\\\/3jmTe1Nf0wqMILl7diWV6h?si=d7112519f13c4593&nd=1\"]},{\"@type\":\"Person\",\"@id\":\"https:\\\/\\\/www.tressis.com\\\/ca\\\/#\\\/schema\\\/person\\\/b833c1d724d8764920b6d6852c70584e\",\"name\":\"Lola\",\"image\":{\"@type\":\"ImageObject\",\"inLanguage\":\"ca\",\"@id\":\"https:\\\/\\\/secure.gravatar.com\\\/avatar\\\/05e646486b23ff45df9649110609c7e31b8c4a3e2821caa23d6317f405e0c51d?s=96&d=mm&r=g\",\"url\":\"https:\\\/\\\/secure.gravatar.com\\\/avatar\\\/05e646486b23ff45df9649110609c7e31b8c4a3e2821caa23d6317f405e0c51d?s=96&d=mm&r=g\",\"contentUrl\":\"https:\\\/\\\/secure.gravatar.com\\\/avatar\\\/05e646486b23ff45df9649110609c7e31b8c4a3e2821caa23d6317f405e0c51d?s=96&d=mm&r=g\",\"caption\":\"Lola\"}}]}<\/script>\n<!-- \/ Yoast SEO plugin. -->","yoast_head_json":{"title":"Contin\u00faa la escalada de tensiones en Oriente Medio","description":"Israel bombarde\u00f3 el centro de Beirut a primera hora del jueves, matando al menos a seis personas.","robots":{"index":"index","follow":"follow","max-snippet":"max-snippet:-1","max-image-preview":"max-image-preview:large","max-video-preview":"max-video-preview:-1"},"canonical":"https:\/\/www.tressis.com\/ca\/blog\/escalada-tensiones-oriente-medio\/","og_locale":"ca_ES","og_type":"article","og_title":"Contin\u00faa la escalada de tensiones en Oriente Medio","og_description":"Israel bombarde\u00f3 el centro de Beirut a primera hora del jueves, matando al menos a seis personas.","og_url":"https:\/\/www.tressis.com\/ca\/blog\/escalada-tensiones-oriente-medio\/","og_site_name":"Tressis","article_publisher":"https:\/\/www.facebook.com\/Tressis\/","article_published_time":"2024-10-03T07:26:03+00:00","og_image":[{"width":1200,"height":531,"url":"https:\/\/www.tressis.com\/wp-content\/uploads\/2024\/10\/tensiones-oriente-medio.webp","type":"image\/webp"}],"author":"Lola","twitter_card":"summary_large_image","twitter_creator":"@TressisSV","twitter_site":"@TressisSV","twitter_misc":{"Escrit per":"Lola","Temps estimat de lectura":"3 minuts"},"schema":{"@context":"https:\/\/schema.org","@graph":[{"@type":"Article","@id":"https:\/\/www.tressis.com\/ca\/blog\/escalada-tensiones-oriente-medio\/#article","isPartOf":{"@id":"https:\/\/www.tressis.com\/ca\/blog\/escalada-tensiones-oriente-medio\/"},"author":{"name":"Lola","@id":"https:\/\/www.tressis.com\/ca\/#\/schema\/person\/b833c1d724d8764920b6d6852c70584e"},"headline":"Contin\u00faa la escalada de tensiones en Oriente Medio","datePublished":"2024-10-03T07:26:03+00:00","mainEntityOfPage":{"@id":"https:\/\/www.tressis.com\/ca\/blog\/escalada-tensiones-oriente-medio\/"},"wordCount":630,"publisher":{"@id":"https:\/\/www.tressis.com\/ca\/#organization"},"image":{"@id":"https:\/\/www.tressis.com\/ca\/blog\/escalada-tensiones-oriente-medio\/#primaryimage"},"thumbnailUrl":"https:\/\/www.tressis.com\/wp-content\/uploads\/2024\/10\/tensiones-oriente-medio.webp","articleSection":["Morning meeting"],"inLanguage":"ca"},{"@type":"WebPage","@id":"https:\/\/www.tressis.com\/ca\/blog\/escalada-tensiones-oriente-medio\/","url":"https:\/\/www.tressis.com\/ca\/blog\/escalada-tensiones-oriente-medio\/","name":"Contin\u00faa la escalada de tensiones en Oriente Medio","isPartOf":{"@id":"https:\/\/www.tressis.com\/ca\/#website"},"primaryImageOfPage":{"@id":"https:\/\/www.tressis.com\/ca\/blog\/escalada-tensiones-oriente-medio\/#primaryimage"},"image":{"@id":"https:\/\/www.tressis.com\/ca\/blog\/escalada-tensiones-oriente-medio\/#primaryimage"},"thumbnailUrl":"https:\/\/www.tressis.com\/wp-content\/uploads\/2024\/10\/tensiones-oriente-medio.webp","datePublished":"2024-10-03T07:26:03+00:00","description":"Israel bombarde\u00f3 el centro de Beirut a primera hora del jueves, matando al menos a seis personas.","breadcrumb":{"@id":"https:\/\/www.tressis.com\/ca\/blog\/escalada-tensiones-oriente-medio\/#breadcrumb"},"inLanguage":"ca","potentialAction":[{"@type":"ReadAction","target":["https:\/\/www.tressis.com\/ca\/blog\/escalada-tensiones-oriente-medio\/"]}]},{"@type":"ImageObject","inLanguage":"ca","@id":"https:\/\/www.tressis.com\/ca\/blog\/escalada-tensiones-oriente-medio\/#primaryimage","url":"https:\/\/www.tressis.com\/wp-content\/uploads\/2024\/10\/tensiones-oriente-medio.webp","contentUrl":"https:\/\/www.tressis.com\/wp-content\/uploads\/2024\/10\/tensiones-oriente-medio.webp","width":1200,"height":531,"caption":"Continua la escalada de tensiones en Oriente Medio"},{"@type":"BreadcrumbList","@id":"https:\/\/www.tressis.com\/ca\/blog\/escalada-tensiones-oriente-medio\/#breadcrumb","itemListElement":[{"@type":"ListItem","position":1,"name":"Inicio","item":"https:\/\/www.tressis.com\/ca\/"},{"@type":"ListItem","position":2,"name":"Morning meeting","item":"https:\/\/www.tressis.com\/ca\/blog\/categorias\/morning-meeting-ca\/"},{"@type":"ListItem","position":3,"name":"Contin\u00faa la escalada de tensiones en Oriente Medio"}]},{"@type":"WebSite","@id":"https:\/\/www.tressis.com\/ca\/#website","url":"https:\/\/www.tressis.com\/ca\/","name":"Tressis banca privada","description":"Tressis | Planificaci\u00f3n financiera y gesti\u00f3n de patrimonios","publisher":{"@id":"https:\/\/www.tressis.com\/ca\/#organization"},"potentialAction":[{"@type":"SearchAction","target":{"@type":"EntryPoint","urlTemplate":"https:\/\/www.tressis.com\/ca\/?s={search_term_string}"},"query-input":{"@type":"PropertyValueSpecification","valueRequired":true,"valueName":"search_term_string"}}],"inLanguage":"ca"},{"@type":"Organization","@id":"https:\/\/www.tressis.com\/ca\/#organization","name":"Tressis","url":"https:\/\/www.tressis.com\/ca\/","logo":{"@type":"ImageObject","inLanguage":"ca","@id":"https:\/\/www.tressis.com\/ca\/#\/schema\/logo\/image\/","url":"https:\/\/www.tressis.com\/wp-content\/uploads\/2025\/06\/logo-tressis-112.png","contentUrl":"https:\/\/www.tressis.com\/wp-content\/uploads\/2025\/06\/logo-tressis-112.png","width":112,"height":112,"caption":"Tressis"},"image":{"@id":"https:\/\/www.tressis.com\/ca\/#\/schema\/logo\/image\/"},"sameAs":["https:\/\/www.facebook.com\/Tressis\/","https:\/\/x.com\/TressisSV","https:\/\/www.instagram.com\/tressissv\/?hl=es","https:\/\/linkedin.com\/company\/tressis\/","https:\/\/www.youtube.com\/user\/tressissv","https:\/\/open.spotify.com\/show\/3jmTe1Nf0wqMILl7diWV6h?si=d7112519f13c4593&nd=1"]},{"@type":"Person","@id":"https:\/\/www.tressis.com\/ca\/#\/schema\/person\/b833c1d724d8764920b6d6852c70584e","name":"Lola","image":{"@type":"ImageObject","inLanguage":"ca","@id":"https:\/\/secure.gravatar.com\/avatar\/05e646486b23ff45df9649110609c7e31b8c4a3e2821caa23d6317f405e0c51d?s=96&d=mm&r=g","url":"https:\/\/secure.gravatar.com\/avatar\/05e646486b23ff45df9649110609c7e31b8c4a3e2821caa23d6317f405e0c51d?s=96&d=mm&r=g","contentUrl":"https:\/\/secure.gravatar.com\/avatar\/05e646486b23ff45df9649110609c7e31b8c4a3e2821caa23d6317f405e0c51d?s=96&d=mm&r=g","caption":"Lola"}}]}},"_links":{"self":[{"href":"https:\/\/www.tressis.com\/ca\/wp-json\/wp\/v2\/posts\/101931","targetHints":{"allow":["GET"]}}],"collection":[{"href":"https:\/\/www.tressis.com\/ca\/wp-json\/wp\/v2\/posts"}],"about":[{"href":"https:\/\/www.tressis.com\/ca\/wp-json\/wp\/v2\/types\/post"}],"author":[{"embeddable":true,"href":"https:\/\/www.tressis.com\/ca\/wp-json\/wp\/v2\/users\/4"}],"replies":[{"embeddable":true,"href":"https:\/\/www.tressis.com\/ca\/wp-json\/wp\/v2\/comments?post=101931"}],"version-history":[{"count":1,"href":"https:\/\/www.tressis.com\/ca\/wp-json\/wp\/v2\/posts\/101931\/revisions"}],"predecessor-version":[{"id":101934,"href":"https:\/\/www.tressis.com\/ca\/wp-json\/wp\/v2\/posts\/101931\/revisions\/101934"}],"wp:featuredmedia":[{"embeddable":true,"href":"https:\/\/www.tressis.com\/ca\/wp-json\/wp\/v2\/media\/101932"}],"wp:attachment":[{"href":"https:\/\/www.tressis.com\/ca\/wp-json\/wp\/v2\/media?parent=101931"}],"wp:term":[{"taxonomy":"category","embeddable":true,"href":"https:\/\/www.tressis.com\/ca\/wp-json\/wp\/v2\/categories?post=101931"},{"taxonomy":"post_tag","embeddable":true,"href":"https:\/\/www.tressis.com\/ca\/wp-json\/wp\/v2\/tags?post=101931"}],"curies":[{"name":"wp","href":"https:\/\/api.w.org\/{rel}","templated":true}]}}