{"id":101543,"date":"2024-09-18T10:14:12","date_gmt":"2024-09-18T08:14:12","guid":{"rendered":"https:\/\/www.tressis.com\/?p=101543"},"modified":"2024-09-18T10:34:32","modified_gmt":"2024-09-18T08:34:32","slug":"locomotora-vagon-de-cola","status":"publish","type":"post","link":"https:\/\/www.tressis.com\/ca\/blog\/locomotora-vagon-de-cola\/","title":{"rendered":"La locomotora en el vag\u00f3n de cola"},"content":{"rendered":"<p>Ayer tuvimos un d\u00eda bastante cargado de referencias macroecon\u00f3micas. Por la ma\u00f1ana el \u00edndice de actividad del sector servicios sorprend\u00eda al alza en Jap\u00f3n (1,4% vs. 0,8% estimado), mientras la confianza inversora en Alemania volv\u00eda a hundirse en septiembre (3,6 vs. 17,1 estimado y vs. 19,2 anterior) y arrastraba al dato de la zona euro (9,3 vs. 16,3 estimado vs. 17,9 anterior). El incremento del coste energ\u00e9tico y la desaceleraci\u00f3n de China han situado a la locomotora en el vag\u00f3n de cola de la Uni\u00f3n Europea. En Estados Unidos, las ventas minoristas (0,1% vs. -0,2%) y la producci\u00f3n industrial (0,8% vs. 0,2%) de agosto se situaban por encima de lo esperado. Dos datos que alejan, de momento, los posibles fantasmas de recesi\u00f3n. Tambi\u00e9n en Norteam\u00e9rica, el IPC canadiense se contra\u00eda un 0,2% y hac\u00eda que el dato anualizado se moderase hasta el 2%.<\/p>\n<p>&nbsp;<\/p>\n<p>M\u00e1s all\u00e1 de toda esta bater\u00eda de datos, no tuvimos noticias de gran impacto. Se respira una especie de calma chicha a la espera de la decisi\u00f3n que tome la Reserva Federal hoy. \u00bfRecorte de 25 o de 50 puntos b\u00e1sicos? Tras las cifras de inflaci\u00f3n de la semana pasada parec\u00eda que se desvanec\u00eda la posibilidad de 50 p.b., pero en los \u00faltimos d\u00edas ha vuelvo a ganar enteros:<\/p>\n<p>&nbsp;<\/p>\n<div style=\"text-align: center; margin-bottom: 10px;\"><img decoding=\"async\" src=\"https:\/\/www.tressis.com\/wp-content\/uploads\/2024\/09\/locomotora-vagon-de-cola-02.webp\" width=\"705\" Height=\"250\" \/><\/div>\n<p style=\"text-align: center; margin:auto 20px;\">Fuente: CME.<\/p>\n<p>&nbsp;<\/p>\n<h2><strong>Rentabilidades<\/strong><\/h2>\n<p>Probablemente este cambio est\u00e9 detr\u00e1s del \u00faltimo arre\u00f3n de las bolsas. Recordemos que para valorar cualquier activo usamos la rentabilidad libre de riesgo, directamente influida por los tipos de inter\u00e9s. Cuanto m\u00e1s bajos sean, mayores ser\u00e1n los flujos que tratamos de descontar del futuro. Y con ello, mayor ser\u00e1 la valoraci\u00f3n. Las bolsas europeas se apuntaron subidas cercanas al 1% (Euro Stoxx 50 +0,67%, DAX +0,50%, Ibex 35 +1,06%) y lo hicieron mejor que las estadounidenses (S&#038;P 500 +0,03%, Nasdaq +0,20%). El S&#038;P 500 lleg\u00f3 a marcar nuevos m\u00e1ximos hist\u00f3ricos durante la sesi\u00f3n. El euro se mantuvo sin cambios frente al d\u00f3lar y los bonos subieron ligeramente en rentabilidad.<\/p>\n<p>&nbsp;<\/p>\n<div style=\"text-align: center; margin-bottom: 10px;\"><a href=\"https:\/\/www.tressis.com\/landing\/campana\/tressis-vision\/index.html?utm_campaign=descarga_paper&amp;utm_medium=blog_MMV&amp;utm_source=tressisvision\" target=\"_blank\" rel=\"noopener\"><img class=\"alignnone size-full\" \nsrc=\"https:\/\/www.tressis.com\/wp-content\/uploads\/2024\/04\/CTA-Tressis-vision-para-articulos-blog.webp\" alt=\"Informe mensual - Tressis visi\u00f3n\" \nwidth=\"800\" height=\"354\" \/><\/a><\/div>\n<p>&nbsp;<\/p>\n<h2><strong>El chip prodigioso<\/strong><\/h2>\n<p>En el \u00e1mbito corporativo, Microsoft anunci\u00f3 que va a incrementar tanto el dividendo trimestral (+10,7%, 0,83 d\u00f3lares por acci\u00f3n) como el programa de recompra de acciones. <strong>El consejo de administraci\u00f3n ha autorizado hasta 60.000 millones de d\u00f3lares en recompras, sin fecha de vencimiento.<\/strong> Ser\u00eda m\u00e1s o menos como la capitalizaci\u00f3n del BBVA. Por otro lado, Intel y AWS (Amazon) van a ampliar su colaboraci\u00f3n estrat\u00e9gica para impulsar la fabricaci\u00f3n de chips en EE.UU. Como parte del acuerdo, Intel producir\u00e1 el chip m\u00e1s avanzado de AWS. Una noticia positiva, +2,7% ayer, pero van a necesitar unas cuantas para recuperar la ca\u00edda desde m\u00e1ximos (-70%).<\/p>\n<p>&nbsp;<\/p>\n<p>Hoy, adem\u00e1s de la reuni\u00f3n de la Reserva Federal, conoceremos la balanza comercial de Jap\u00f3n, la inflaci\u00f3n en la zona euro y permisos de construcci\u00f3n e inventarios de petr\u00f3leo en EE.UU. <\/p>\n<p>&nbsp;<\/p>\n<p>Feliz mi\u00e9rcoles.<\/p>\n<p>&nbsp;<\/p>\n<p><center><strong>V\u00edctor \u00c1lvarez Sanz<\/strong><br \/>\nResponsable de renta variable <\/center><\/p>\n","protected":false},"excerpt":{"rendered":"<p>Ayer tuvimos un d\u00eda bastante cargado de referencias macroecon\u00f3micas. Por la ma\u00f1ana el \u00edndice de actividad del sector servicios sorprend\u00eda al alza en Jap\u00f3n (1,4% vs. 0,8% estimado), mientras la confianza inversora en Alemania volv\u00eda a hundirse en septiembre (3,6 vs. 17,1 estimado y vs. 19,2 anterior) y arrastraba al dato de la zona euro [&hellip;]<\/p>\n","protected":false},"author":9,"featured_media":101547,"comment_status":"closed","ping_status":"open","sticky":false,"template":"","format":"standard","meta":{"_acf_changed":false,"footnotes":""},"categories":[9721],"tags":[9744,9742,1890,9167,9743,3526,3916,4256,9741],"class_list":["post-101543","post","type-post","status-publish","format-standard","has-post-thumbnail","hentry","category-morning-meeting","tag-aws-amazon","tag-coste-energetico","tag-desaceleracion-china","tag-el-ibex-35-hoy","tag-eserva-federal","tag-intel","tag-macroeconomia","tag-microsoft","tag-sector-servicios-japon"],"acf":[],"yoast_head":"<!-- This site is optimized with the Yoast SEO plugin v27.4 - https:\/\/yoast.com\/product\/yoast-seo-wordpress\/ -->\n<title>La locomotora en el vag\u00f3n de cola<\/title>\n<meta name=\"description\" content=\"El incremento del coste energ\u00e9tico y la desaceleraci\u00f3n de China ha situado a la locomotora en el vag\u00f3n de cola de la Uni\u00f3n Europea.\" \/>\n<meta name=\"robots\" content=\"index, follow, max-snippet:-1, max-image-preview:large, max-video-preview:-1\" \/>\n<link rel=\"canonical\" href=\"https:\/\/www.tressis.com\/ca\/blog\/locomotora-vagon-de-cola\/\" \/>\n<meta property=\"og:locale\" content=\"ca_ES\" \/>\n<meta property=\"og:type\" content=\"article\" \/>\n<meta property=\"og:title\" content=\"La locomotora en el vag\u00f3n de cola\" \/>\n<meta property=\"og:description\" content=\"El incremento del coste energ\u00e9tico y la desaceleraci\u00f3n de China ha situado a la locomotora en el vag\u00f3n de cola de la Uni\u00f3n Europea.\" \/>\n<meta property=\"og:url\" content=\"https:\/\/www.tressis.com\/ca\/blog\/locomotora-vagon-de-cola\/\" \/>\n<meta property=\"og:site_name\" content=\"Tressis\" \/>\n<meta property=\"article:publisher\" content=\"https:\/\/www.facebook.com\/Tressis\/\" \/>\n<meta property=\"article:published_time\" content=\"2024-09-18T08:14:12+00:00\" \/>\n<meta property=\"article:modified_time\" content=\"2024-09-18T08:34:32+00:00\" \/>\n<meta property=\"og:image\" content=\"https:\/\/www.tressis.com\/wp-content\/uploads\/2024\/09\/locomotora-vagon-de-cola-01.webp\" \/>\n\t<meta property=\"og:image:width\" content=\"1200\" \/>\n\t<meta property=\"og:image:height\" content=\"531\" \/>\n\t<meta property=\"og:image:type\" content=\"image\/webp\" \/>\n<meta name=\"author\" content=\"Armando\" \/>\n<meta name=\"twitter:card\" content=\"summary_large_image\" \/>\n<meta name=\"twitter:creator\" content=\"@TressisSV\" \/>\n<meta name=\"twitter:site\" content=\"@TressisSV\" \/>\n<meta name=\"twitter:label1\" content=\"Escrit per\" \/>\n\t<meta name=\"twitter:data1\" content=\"Armando\" \/>\n\t<meta name=\"twitter:label2\" content=\"Temps estimat de lectura\" \/>\n\t<meta name=\"twitter:data2\" content=\"3 minuts\" \/>\n<script type=\"application\/ld+json\" class=\"yoast-schema-graph\">{\"@context\":\"https:\\\/\\\/schema.org\",\"@graph\":[{\"@type\":\"Article\",\"@id\":\"https:\\\/\\\/www.tressis.com\\\/ca\\\/blog\\\/locomotora-vagon-de-cola\\\/#article\",\"isPartOf\":{\"@id\":\"https:\\\/\\\/www.tressis.com\\\/ca\\\/blog\\\/locomotora-vagon-de-cola\\\/\"},\"author\":{\"name\":\"Armando\",\"@id\":\"https:\\\/\\\/www.tressis.com\\\/ca\\\/#\\\/schema\\\/person\\\/56d3b4de0493f088a4ca62a2e0c790ae\"},\"headline\":\"La locomotora en el vag\u00f3n de cola\",\"datePublished\":\"2024-09-18T08:14:12+00:00\",\"dateModified\":\"2024-09-18T08:34:32+00:00\",\"mainEntityOfPage\":{\"@id\":\"https:\\\/\\\/www.tressis.com\\\/ca\\\/blog\\\/locomotora-vagon-de-cola\\\/\"},\"wordCount\":516,\"publisher\":{\"@id\":\"https:\\\/\\\/www.tressis.com\\\/ca\\\/#organization\"},\"image\":{\"@id\":\"https:\\\/\\\/www.tressis.com\\\/ca\\\/blog\\\/locomotora-vagon-de-cola\\\/#primaryimage\"},\"thumbnailUrl\":\"https:\\\/\\\/www.tressis.com\\\/wp-content\\\/uploads\\\/2024\\\/09\\\/locomotora-vagon-de-cola-01.webp\",\"keywords\":[\"AWS (Amazon)\",\"coste energ\u00e9tico\",\"desaceleraci\u00f3n China\",\"el Ibex 35 hoy\",\"eserva Federal\",\"Intel\",\"macroeconom\u00eda\",\"Microsoft\",\"sector servicios Jap\u00f3n\"],\"articleSection\":[\"Morning meeting\"],\"inLanguage\":\"ca\"},{\"@type\":\"WebPage\",\"@id\":\"https:\\\/\\\/www.tressis.com\\\/ca\\\/blog\\\/locomotora-vagon-de-cola\\\/\",\"url\":\"https:\\\/\\\/www.tressis.com\\\/ca\\\/blog\\\/locomotora-vagon-de-cola\\\/\",\"name\":\"La locomotora en el vag\u00f3n de cola\",\"isPartOf\":{\"@id\":\"https:\\\/\\\/www.tressis.com\\\/ca\\\/#website\"},\"primaryImageOfPage\":{\"@id\":\"https:\\\/\\\/www.tressis.com\\\/ca\\\/blog\\\/locomotora-vagon-de-cola\\\/#primaryimage\"},\"image\":{\"@id\":\"https:\\\/\\\/www.tressis.com\\\/ca\\\/blog\\\/locomotora-vagon-de-cola\\\/#primaryimage\"},\"thumbnailUrl\":\"https:\\\/\\\/www.tressis.com\\\/wp-content\\\/uploads\\\/2024\\\/09\\\/locomotora-vagon-de-cola-01.webp\",\"datePublished\":\"2024-09-18T08:14:12+00:00\",\"dateModified\":\"2024-09-18T08:34:32+00:00\",\"description\":\"El incremento del coste energ\u00e9tico y la desaceleraci\u00f3n de China ha situado a la locomotora en el vag\u00f3n de cola de la Uni\u00f3n Europea.\",\"breadcrumb\":{\"@id\":\"https:\\\/\\\/www.tressis.com\\\/ca\\\/blog\\\/locomotora-vagon-de-cola\\\/#breadcrumb\"},\"inLanguage\":\"ca\",\"potentialAction\":[{\"@type\":\"ReadAction\",\"target\":[\"https:\\\/\\\/www.tressis.com\\\/ca\\\/blog\\\/locomotora-vagon-de-cola\\\/\"]}]},{\"@type\":\"ImageObject\",\"inLanguage\":\"ca\",\"@id\":\"https:\\\/\\\/www.tressis.com\\\/ca\\\/blog\\\/locomotora-vagon-de-cola\\\/#primaryimage\",\"url\":\"https:\\\/\\\/www.tressis.com\\\/wp-content\\\/uploads\\\/2024\\\/09\\\/locomotora-vagon-de-cola-01.webp\",\"contentUrl\":\"https:\\\/\\\/www.tressis.com\\\/wp-content\\\/uploads\\\/2024\\\/09\\\/locomotora-vagon-de-cola-01.webp\",\"width\":1200,\"height\":531,\"caption\":\"locomotora-vagon-de-cola\"},{\"@type\":\"BreadcrumbList\",\"@id\":\"https:\\\/\\\/www.tressis.com\\\/ca\\\/blog\\\/locomotora-vagon-de-cola\\\/#breadcrumb\",\"itemListElement\":[{\"@type\":\"ListItem\",\"position\":1,\"name\":\"Inicio\",\"item\":\"https:\\\/\\\/www.tressis.com\\\/ca\\\/\"},{\"@type\":\"ListItem\",\"position\":2,\"name\":\"Morning meeting\",\"item\":\"https:\\\/\\\/www.tressis.com\\\/ca\\\/blog\\\/categorias\\\/morning-meeting-ca\\\/\"},{\"@type\":\"ListItem\",\"position\":3,\"name\":\"La locomotora en el vag\u00f3n de cola\"}]},{\"@type\":\"WebSite\",\"@id\":\"https:\\\/\\\/www.tressis.com\\\/ca\\\/#website\",\"url\":\"https:\\\/\\\/www.tressis.com\\\/ca\\\/\",\"name\":\"Tressis banca privada\",\"description\":\"Tressis | Planificaci\u00f3n financiera y gesti\u00f3n de patrimonios\",\"publisher\":{\"@id\":\"https:\\\/\\\/www.tressis.com\\\/ca\\\/#organization\"},\"potentialAction\":[{\"@type\":\"SearchAction\",\"target\":{\"@type\":\"EntryPoint\",\"urlTemplate\":\"https:\\\/\\\/www.tressis.com\\\/ca\\\/?s={search_term_string}\"},\"query-input\":{\"@type\":\"PropertyValueSpecification\",\"valueRequired\":true,\"valueName\":\"search_term_string\"}}],\"inLanguage\":\"ca\"},{\"@type\":\"Organization\",\"@id\":\"https:\\\/\\\/www.tressis.com\\\/ca\\\/#organization\",\"name\":\"Tressis\",\"url\":\"https:\\\/\\\/www.tressis.com\\\/ca\\\/\",\"logo\":{\"@type\":\"ImageObject\",\"inLanguage\":\"ca\",\"@id\":\"https:\\\/\\\/www.tressis.com\\\/ca\\\/#\\\/schema\\\/logo\\\/image\\\/\",\"url\":\"https:\\\/\\\/www.tressis.com\\\/wp-content\\\/uploads\\\/2025\\\/06\\\/logo-tressis-112.png\",\"contentUrl\":\"https:\\\/\\\/www.tressis.com\\\/wp-content\\\/uploads\\\/2025\\\/06\\\/logo-tressis-112.png\",\"width\":112,\"height\":112,\"caption\":\"Tressis\"},\"image\":{\"@id\":\"https:\\\/\\\/www.tressis.com\\\/ca\\\/#\\\/schema\\\/logo\\\/image\\\/\"},\"sameAs\":[\"https:\\\/\\\/www.facebook.com\\\/Tressis\\\/\",\"https:\\\/\\\/x.com\\\/TressisSV\",\"https:\\\/\\\/www.instagram.com\\\/tressissv\\\/?hl=es\",\"https:\\\/\\\/linkedin.com\\\/company\\\/tressis\\\/\",\"https:\\\/\\\/www.youtube.com\\\/user\\\/tressissv\",\"https:\\\/\\\/open.spotify.com\\\/show\\\/3jmTe1Nf0wqMILl7diWV6h?si=d7112519f13c4593&nd=1\"]},{\"@type\":\"Person\",\"@id\":\"https:\\\/\\\/www.tressis.com\\\/ca\\\/#\\\/schema\\\/person\\\/56d3b4de0493f088a4ca62a2e0c790ae\",\"name\":\"Armando\",\"image\":{\"@type\":\"ImageObject\",\"inLanguage\":\"ca\",\"@id\":\"https:\\\/\\\/secure.gravatar.com\\\/avatar\\\/6d7efca74644be7dae792b122beab663996c233ae58f101b52769ece1cbf1435?s=96&d=mm&r=g\",\"url\":\"https:\\\/\\\/secure.gravatar.com\\\/avatar\\\/6d7efca74644be7dae792b122beab663996c233ae58f101b52769ece1cbf1435?s=96&d=mm&r=g\",\"contentUrl\":\"https:\\\/\\\/secure.gravatar.com\\\/avatar\\\/6d7efca74644be7dae792b122beab663996c233ae58f101b52769ece1cbf1435?s=96&d=mm&r=g\",\"caption\":\"Armando\"}}]}<\/script>\n<!-- \/ Yoast SEO plugin. -->","yoast_head_json":{"title":"La locomotora en el vag\u00f3n de cola","description":"El incremento del coste energ\u00e9tico y la desaceleraci\u00f3n de China ha situado a la locomotora en el vag\u00f3n de cola de la Uni\u00f3n Europea.","robots":{"index":"index","follow":"follow","max-snippet":"max-snippet:-1","max-image-preview":"max-image-preview:large","max-video-preview":"max-video-preview:-1"},"canonical":"https:\/\/www.tressis.com\/ca\/blog\/locomotora-vagon-de-cola\/","og_locale":"ca_ES","og_type":"article","og_title":"La locomotora en el vag\u00f3n de cola","og_description":"El incremento del coste energ\u00e9tico y la desaceleraci\u00f3n de China ha situado a la locomotora en el vag\u00f3n de cola de la Uni\u00f3n Europea.","og_url":"https:\/\/www.tressis.com\/ca\/blog\/locomotora-vagon-de-cola\/","og_site_name":"Tressis","article_publisher":"https:\/\/www.facebook.com\/Tressis\/","article_published_time":"2024-09-18T08:14:12+00:00","article_modified_time":"2024-09-18T08:34:32+00:00","og_image":[{"width":1200,"height":531,"url":"https:\/\/www.tressis.com\/wp-content\/uploads\/2024\/09\/locomotora-vagon-de-cola-01.webp","type":"image\/webp"}],"author":"Armando","twitter_card":"summary_large_image","twitter_creator":"@TressisSV","twitter_site":"@TressisSV","twitter_misc":{"Escrit per":"Armando","Temps estimat de lectura":"3 minuts"},"schema":{"@context":"https:\/\/schema.org","@graph":[{"@type":"Article","@id":"https:\/\/www.tressis.com\/ca\/blog\/locomotora-vagon-de-cola\/#article","isPartOf":{"@id":"https:\/\/www.tressis.com\/ca\/blog\/locomotora-vagon-de-cola\/"},"author":{"name":"Armando","@id":"https:\/\/www.tressis.com\/ca\/#\/schema\/person\/56d3b4de0493f088a4ca62a2e0c790ae"},"headline":"La locomotora en el vag\u00f3n de cola","datePublished":"2024-09-18T08:14:12+00:00","dateModified":"2024-09-18T08:34:32+00:00","mainEntityOfPage":{"@id":"https:\/\/www.tressis.com\/ca\/blog\/locomotora-vagon-de-cola\/"},"wordCount":516,"publisher":{"@id":"https:\/\/www.tressis.com\/ca\/#organization"},"image":{"@id":"https:\/\/www.tressis.com\/ca\/blog\/locomotora-vagon-de-cola\/#primaryimage"},"thumbnailUrl":"https:\/\/www.tressis.com\/wp-content\/uploads\/2024\/09\/locomotora-vagon-de-cola-01.webp","keywords":["AWS (Amazon)","coste energ\u00e9tico","desaceleraci\u00f3n China","el Ibex 35 hoy","eserva Federal","Intel","macroeconom\u00eda","Microsoft","sector servicios Jap\u00f3n"],"articleSection":["Morning meeting"],"inLanguage":"ca"},{"@type":"WebPage","@id":"https:\/\/www.tressis.com\/ca\/blog\/locomotora-vagon-de-cola\/","url":"https:\/\/www.tressis.com\/ca\/blog\/locomotora-vagon-de-cola\/","name":"La locomotora en el vag\u00f3n de cola","isPartOf":{"@id":"https:\/\/www.tressis.com\/ca\/#website"},"primaryImageOfPage":{"@id":"https:\/\/www.tressis.com\/ca\/blog\/locomotora-vagon-de-cola\/#primaryimage"},"image":{"@id":"https:\/\/www.tressis.com\/ca\/blog\/locomotora-vagon-de-cola\/#primaryimage"},"thumbnailUrl":"https:\/\/www.tressis.com\/wp-content\/uploads\/2024\/09\/locomotora-vagon-de-cola-01.webp","datePublished":"2024-09-18T08:14:12+00:00","dateModified":"2024-09-18T08:34:32+00:00","description":"El incremento del coste energ\u00e9tico y la desaceleraci\u00f3n de China ha situado a la locomotora en el vag\u00f3n de cola de la Uni\u00f3n Europea.","breadcrumb":{"@id":"https:\/\/www.tressis.com\/ca\/blog\/locomotora-vagon-de-cola\/#breadcrumb"},"inLanguage":"ca","potentialAction":[{"@type":"ReadAction","target":["https:\/\/www.tressis.com\/ca\/blog\/locomotora-vagon-de-cola\/"]}]},{"@type":"ImageObject","inLanguage":"ca","@id":"https:\/\/www.tressis.com\/ca\/blog\/locomotora-vagon-de-cola\/#primaryimage","url":"https:\/\/www.tressis.com\/wp-content\/uploads\/2024\/09\/locomotora-vagon-de-cola-01.webp","contentUrl":"https:\/\/www.tressis.com\/wp-content\/uploads\/2024\/09\/locomotora-vagon-de-cola-01.webp","width":1200,"height":531,"caption":"locomotora-vagon-de-cola"},{"@type":"BreadcrumbList","@id":"https:\/\/www.tressis.com\/ca\/blog\/locomotora-vagon-de-cola\/#breadcrumb","itemListElement":[{"@type":"ListItem","position":1,"name":"Inicio","item":"https:\/\/www.tressis.com\/ca\/"},{"@type":"ListItem","position":2,"name":"Morning meeting","item":"https:\/\/www.tressis.com\/ca\/blog\/categorias\/morning-meeting-ca\/"},{"@type":"ListItem","position":3,"name":"La locomotora en el vag\u00f3n de cola"}]},{"@type":"WebSite","@id":"https:\/\/www.tressis.com\/ca\/#website","url":"https:\/\/www.tressis.com\/ca\/","name":"Tressis banca privada","description":"Tressis | Planificaci\u00f3n financiera y gesti\u00f3n de patrimonios","publisher":{"@id":"https:\/\/www.tressis.com\/ca\/#organization"},"potentialAction":[{"@type":"SearchAction","target":{"@type":"EntryPoint","urlTemplate":"https:\/\/www.tressis.com\/ca\/?s={search_term_string}"},"query-input":{"@type":"PropertyValueSpecification","valueRequired":true,"valueName":"search_term_string"}}],"inLanguage":"ca"},{"@type":"Organization","@id":"https:\/\/www.tressis.com\/ca\/#organization","name":"Tressis","url":"https:\/\/www.tressis.com\/ca\/","logo":{"@type":"ImageObject","inLanguage":"ca","@id":"https:\/\/www.tressis.com\/ca\/#\/schema\/logo\/image\/","url":"https:\/\/www.tressis.com\/wp-content\/uploads\/2025\/06\/logo-tressis-112.png","contentUrl":"https:\/\/www.tressis.com\/wp-content\/uploads\/2025\/06\/logo-tressis-112.png","width":112,"height":112,"caption":"Tressis"},"image":{"@id":"https:\/\/www.tressis.com\/ca\/#\/schema\/logo\/image\/"},"sameAs":["https:\/\/www.facebook.com\/Tressis\/","https:\/\/x.com\/TressisSV","https:\/\/www.instagram.com\/tressissv\/?hl=es","https:\/\/linkedin.com\/company\/tressis\/","https:\/\/www.youtube.com\/user\/tressissv","https:\/\/open.spotify.com\/show\/3jmTe1Nf0wqMILl7diWV6h?si=d7112519f13c4593&nd=1"]},{"@type":"Person","@id":"https:\/\/www.tressis.com\/ca\/#\/schema\/person\/56d3b4de0493f088a4ca62a2e0c790ae","name":"Armando","image":{"@type":"ImageObject","inLanguage":"ca","@id":"https:\/\/secure.gravatar.com\/avatar\/6d7efca74644be7dae792b122beab663996c233ae58f101b52769ece1cbf1435?s=96&d=mm&r=g","url":"https:\/\/secure.gravatar.com\/avatar\/6d7efca74644be7dae792b122beab663996c233ae58f101b52769ece1cbf1435?s=96&d=mm&r=g","contentUrl":"https:\/\/secure.gravatar.com\/avatar\/6d7efca74644be7dae792b122beab663996c233ae58f101b52769ece1cbf1435?s=96&d=mm&r=g","caption":"Armando"}}]}},"_links":{"self":[{"href":"https:\/\/www.tressis.com\/ca\/wp-json\/wp\/v2\/posts\/101543","targetHints":{"allow":["GET"]}}],"collection":[{"href":"https:\/\/www.tressis.com\/ca\/wp-json\/wp\/v2\/posts"}],"about":[{"href":"https:\/\/www.tressis.com\/ca\/wp-json\/wp\/v2\/types\/post"}],"author":[{"embeddable":true,"href":"https:\/\/www.tressis.com\/ca\/wp-json\/wp\/v2\/users\/9"}],"replies":[{"embeddable":true,"href":"https:\/\/www.tressis.com\/ca\/wp-json\/wp\/v2\/comments?post=101543"}],"version-history":[{"count":5,"href":"https:\/\/www.tressis.com\/ca\/wp-json\/wp\/v2\/posts\/101543\/revisions"}],"predecessor-version":[{"id":101552,"href":"https:\/\/www.tressis.com\/ca\/wp-json\/wp\/v2\/posts\/101543\/revisions\/101552"}],"wp:featuredmedia":[{"embeddable":true,"href":"https:\/\/www.tressis.com\/ca\/wp-json\/wp\/v2\/media\/101547"}],"wp:attachment":[{"href":"https:\/\/www.tressis.com\/ca\/wp-json\/wp\/v2\/media?parent=101543"}],"wp:term":[{"taxonomy":"category","embeddable":true,"href":"https:\/\/www.tressis.com\/ca\/wp-json\/wp\/v2\/categories?post=101543"},{"taxonomy":"post_tag","embeddable":true,"href":"https:\/\/www.tressis.com\/ca\/wp-json\/wp\/v2\/tags?post=101543"}],"curies":[{"name":"wp","href":"https:\/\/api.w.org\/{rel}","templated":true}]}}